{"id":10028,"date":"2022-05-07T10:21:00","date_gmt":"2022-05-07T08:21:00","guid":{"rendered":"https:\/\/redheadwithabrain.ch\/?p=10028"},"modified":"2022-08-10T19:12:29","modified_gmt":"2022-08-10T17:12:29","slug":"cathedrale-saint-andre-bordeaux-1096","status":"publish","type":"post","link":"https:\/\/redheadwithabrain.ch\/index.php\/2022\/05\/07\/cathedrale-saint-andre-bordeaux-1096\/","title":{"rendered":"Cath\u00e9drale Saint-Andr\u00e9 &#8211; Bordeaux (1096)"},"content":{"rendered":"\n<p class=\"wp-block-paragraph\">\u00c9glise gothique, la cath\u00e9drale Saint-Andr\u00e9 est assez impressionnante de par sa taille et un int\u00e9rieur assez aust\u00e8re, m\u00eame si les vitraux sont tr\u00e8s beaux. Elle fait partie des monuments associ\u00e9s au p\u00e8lerinage de Saint-Jacques de Compostelle. Deux mariages c\u00e9l\u00e8bres ont eu lieu dans cette cath\u00e9drale : en&nbsp;1137, le mariage d&#8217;Ali\u00e9nor d&#8217;Aquitaine avec le futur&nbsp;Louis VII, roi des Francs&nbsp;et en 1615, le mariage d&#8217;Anne d&#8217;Autriche, Infante d&#8217;Espagne, et de&nbsp;Louis XIII, roi de&nbsp;France&nbsp;et de&nbsp;Navarre. Elle a la particularit\u00e9 d&#8217;avoir un campanile d\u00e9tach\u00e9 du corps de l&#8217;\u00e9glise, le clocher ou&nbsp;tour Pey-Berland. Une belle pi\u00e8ce religieuse.<\/p>\n\n\n\n<p class=\"wp-block-paragraph\"><em>&#8220;Au milieu, entre les quatre galeries du clo\u00eetre, les d\u00e9bris et les d\u00e9combres obstruent un petit coin, jadis cimeti\u00e8re, o\u00f9 les hautes herbes, le jasmin sauvage, les ronces et les broussailles croissent, et se m\u00ealent, on pourrait presque dire, avec une joie inexprimable. C&#8217;est la v\u00e9g\u00e9tation qui saisit l&#8217;\u00e9difice ; c&#8217;est l&#8217;\u0153uvre de Dieu qui l&#8217;emporte sur l&#8217;\u0153uvre de l&#8217;homme. Pourtant cette joie n&#8217;a rien de m\u00e9chant ni d&#8217;amer. C&#8217;est l&#8217;innocente et royale ga\u00eet\u00e9 de la nature. Rien de plus. Au milieu des ruines et des herbes mille fleurs s&#8217;\u00e9panouissent. Douces et charmantes fleurs ! Je sentais leurs parfums venir jusqu&#8217;\u00e0 moi, je voyais s&#8217;agiter leurs jolies t\u00eates blanches, jaunes et bleues, et il me semble qu&#8217;elles s&#8217;effor\u00e7aient toutes \u00e0 qui mieux mieux de consoler ces pauvres pierres abandonn\u00e9es. D&#8217;ailleurs, c&#8217;est la destin\u00e9e. Les moines s&#8217;en vont avant les pr\u00eatres, et les clo\u00eetres s&#8217;\u00e9croulent avant les \u00e9glises. (En voyage. Alpes et Pyr\u00e9n\u00e9\u00e9es. Victor Hugo)<\/em><br><\/p>\n\n\n\n<p class=\"wp-block-paragraph\"><br><\/p>\n\n\n\n<p class=\"wp-block-paragraph\"><br><\/p>\n","protected":false},"excerpt":{"rendered":"<p>\u00c9glise gothique, la cath\u00e9drale Saint-Andr\u00e9 est assez impressionnante de par sa taille et un int\u00e9rieur assez aust\u00e8re, m\u00eame si les vitraux sont tr\u00e8s beaux. Elle fait partie des monuments associ\u00e9s au p\u00e8lerinage de Saint-Jacques de Compostelle. Deux mariages c\u00e9l\u00e8bres ont eu lieu dans cette cath\u00e9drale : en&nbsp;1137, le mariage d&#8217;Ali\u00e9nor d&#8217;Aquitaine avec le futur&nbsp;Louis VII, [&hellip;]<\/p>\n","protected":false},"author":1,"featured_media":10029,"comment_status":"closed","ping_status":"open","sticky":false,"template":"","format":"standard","meta":{"_jetpack_newsletter_access":"","_jetpack_dont_email_post_to_subs":false,"_jetpack_newsletter_tier_id":0,"_jetpack_memberships_contains_paywalled_content":false,"_jetpack_feature_clip_id":0,"_jetpack_memberships_contains_paid_content":false,"footnotes":"","jetpack_post_was_ever_published":false},"categories":[6],"tags":[89,112,107],"class_list":["post-10028","post","type-post","status-publish","format-standard","has-post-thumbnail","hentry","category-bits-bobs","tag-faith","tag-history","tag-religion"],"jetpack_sharing_enabled":true,"jetpack_featured_media_url":"https:\/\/i0.wp.com\/redheadwithabrain.ch\/wp-content\/uploads\/2022\/07\/PXL_20220507_082602981-scaled.jpg?fit=2560%2C1920&ssl=1","_links":{"self":[{"href":"https:\/\/redheadwithabrain.ch\/index.php\/wp-json\/wp\/v2\/posts\/10028","targetHints":{"allow":["GET"]}}],"collection":[{"href":"https:\/\/redheadwithabrain.ch\/index.php\/wp-json\/wp\/v2\/posts"}],"about":[{"href":"https:\/\/redheadwithabrain.ch\/index.php\/wp-json\/wp\/v2\/types\/post"}],"author":[{"embeddable":true,"href":"https:\/\/redheadwithabrain.ch\/index.php\/wp-json\/wp\/v2\/users\/1"}],"replies":[{"embeddable":true,"href":"https:\/\/redheadwithabrain.ch\/index.php\/wp-json\/wp\/v2\/comments?post=10028"}],"version-history":[{"count":10,"href":"https:\/\/redheadwithabrain.ch\/index.php\/wp-json\/wp\/v2\/posts\/10028\/revisions"}],"predecessor-version":[{"id":10448,"href":"https:\/\/redheadwithabrain.ch\/index.php\/wp-json\/wp\/v2\/posts\/10028\/revisions\/10448"}],"wp:featuredmedia":[{"embeddable":true,"href":"https:\/\/redheadwithabrain.ch\/index.php\/wp-json\/wp\/v2\/media\/10029"}],"wp:attachment":[{"href":"https:\/\/redheadwithabrain.ch\/index.php\/wp-json\/wp\/v2\/media?parent=10028"}],"wp:term":[{"taxonomy":"category","embeddable":true,"href":"https:\/\/redheadwithabrain.ch\/index.php\/wp-json\/wp\/v2\/categories?post=10028"},{"taxonomy":"post_tag","embeddable":true,"href":"https:\/\/redheadwithabrain.ch\/index.php\/wp-json\/wp\/v2\/tags?post=10028"}],"curies":[{"name":"wp","href":"https:\/\/api.w.org\/{rel}","templated":true}]}}