{"id":10250,"date":"2022-08-01T11:52:00","date_gmt":"2022-08-01T09:52:00","guid":{"rendered":"https:\/\/redheadwithabrain.ch\/?p=10250"},"modified":"2022-08-01T14:06:54","modified_gmt":"2022-08-01T12:06:54","slug":"persepolis-tome-1-marjane-satrapi-2002","status":"publish","type":"post","link":"https:\/\/redheadwithabrain.ch\/index.php\/2022\/08\/01\/persepolis-tome-1-marjane-satrapi-2002\/","title":{"rendered":"Persepolis &#8211; Tome 1 &#8211; Marjane Satrapi (2002)"},"content":{"rendered":"\n<p class=\"wp-block-paragraph\">Marjane a dix ans lorsqu&#8217;\u00e9clate la r\u00e9volution dans son pays, l&#8217;Iran. Autour d&#8217;elle, il y a des manifestations, des amis de ses parents emprisonn\u00e9s, des histoires de famille qui refont surface. Marjane vit tout \u00e7a avec son regard d&#8217;enfant. Tr\u00e8s croyante, elle voudrait \u00eatre justice, amour et col\u00e8re de Dieu. Mais petit \u00e0 petit, elle se rend compte son Dieu n&#8217;est pas aussi digne de confiance qu&#8217;elle croyait. Une chapitre de l&#8217;histoire de l&#8217;Iran dans une tr\u00e8s belle bande dessin\u00e9e.<\/p>\n\n\n\n<p class=\"wp-block-paragraph\"><em>&#8220;- Mais maman, le p\u00e8re de Ramine a tu\u00e9&#8230;<br>&#8211; Je sais. C&#8217;est son p\u00e8re ! Lui n&#8217;y est pour rien ! En plus, ce n&#8217;est ni \u00e0 toi, ni \u00e0 moi de faire la justice. Je dirais m\u00eame qu&#8217;il faut savoir pardonner.&#8221;<\/em><\/p>\n\n\n\n<figure class=\"wp-block-image size-full\"><img data-recalc-dims=\"1\" loading=\"lazy\" decoding=\"async\" width=\"2560\" height=\"1176\" src=\"https:\/\/i0.wp.com\/redheadwithabrain.ch\/wp-content\/uploads\/2022\/07\/20220801_1339542-scaled.jpg?resize=2560%2C1176&#038;ssl=1\" alt=\"\" class=\"wp-image-10253\" srcset=\"https:\/\/i0.wp.com\/redheadwithabrain.ch\/wp-content\/uploads\/2022\/07\/20220801_1339542-scaled.jpg?w=2560&amp;ssl=1 2560w, https:\/\/i0.wp.com\/redheadwithabrain.ch\/wp-content\/uploads\/2022\/07\/20220801_1339542-scaled.jpg?resize=300%2C138&amp;ssl=1 300w, https:\/\/i0.wp.com\/redheadwithabrain.ch\/wp-content\/uploads\/2022\/07\/20220801_1339542-scaled.jpg?resize=1024%2C470&amp;ssl=1 1024w, https:\/\/i0.wp.com\/redheadwithabrain.ch\/wp-content\/uploads\/2022\/07\/20220801_1339542-scaled.jpg?resize=768%2C353&amp;ssl=1 768w, https:\/\/i0.wp.com\/redheadwithabrain.ch\/wp-content\/uploads\/2022\/07\/20220801_1339542-scaled.jpg?resize=1536%2C705&amp;ssl=1 1536w, https:\/\/i0.wp.com\/redheadwithabrain.ch\/wp-content\/uploads\/2022\/07\/20220801_1339542-scaled.jpg?resize=2048%2C941&amp;ssl=1 2048w\" sizes=\"auto, (max-width: 1000px) 100vw, 1000px\" \/><\/figure>\n","protected":false},"excerpt":{"rendered":"<p>Marjane a dix ans lorsqu&#8217;\u00e9clate la r\u00e9volution dans son pays, l&#8217;Iran. Autour d&#8217;elle, il y a des manifestations, des amis de ses parents emprisonn\u00e9s, des histoires de famille qui refont surface. Marjane vit tout \u00e7a avec son regard d&#8217;enfant. Tr\u00e8s croyante, elle voudrait \u00eatre justice, amour et col\u00e8re de Dieu. Mais petit \u00e0 petit, elle [&hellip;]<\/p>\n","protected":false},"author":1,"featured_media":10251,"comment_status":"closed","ping_status":"open","sticky":false,"template":"","format":"standard","meta":{"_jetpack_newsletter_access":"","_jetpack_dont_email_post_to_subs":false,"_jetpack_newsletter_tier_id":0,"_jetpack_memberships_contains_paywalled_content":false,"_jetpack_feature_clip_id":0,"_jetpack_memberships_contains_paid_content":false,"footnotes":"","jetpack_post_was_ever_published":false},"categories":[160],"tags":[42,112,173],"class_list":["post-10250","post","type-post","status-publish","format-standard","has-post-thumbnail","hentry","category-graphic-2022","tag-childhood","tag-history","tag-war"],"jetpack_sharing_enabled":true,"jetpack_featured_media_url":"https:\/\/i0.wp.com\/redheadwithabrain.ch\/wp-content\/uploads\/2022\/08\/stefano-vigorelli-Q6wUUhHXYvw-unsplash-scaled-e1659353922219.jpg?fit=2560%2C1324&ssl=1","_links":{"self":[{"href":"https:\/\/redheadwithabrain.ch\/index.php\/wp-json\/wp\/v2\/posts\/10250","targetHints":{"allow":["GET"]}}],"collection":[{"href":"https:\/\/redheadwithabrain.ch\/index.php\/wp-json\/wp\/v2\/posts"}],"about":[{"href":"https:\/\/redheadwithabrain.ch\/index.php\/wp-json\/wp\/v2\/types\/post"}],"author":[{"embeddable":true,"href":"https:\/\/redheadwithabrain.ch\/index.php\/wp-json\/wp\/v2\/users\/1"}],"replies":[{"embeddable":true,"href":"https:\/\/redheadwithabrain.ch\/index.php\/wp-json\/wp\/v2\/comments?post=10250"}],"version-history":[{"count":2,"href":"https:\/\/redheadwithabrain.ch\/index.php\/wp-json\/wp\/v2\/posts\/10250\/revisions"}],"predecessor-version":[{"id":10254,"href":"https:\/\/redheadwithabrain.ch\/index.php\/wp-json\/wp\/v2\/posts\/10250\/revisions\/10254"}],"wp:featuredmedia":[{"embeddable":true,"href":"https:\/\/redheadwithabrain.ch\/index.php\/wp-json\/wp\/v2\/media\/10251"}],"wp:attachment":[{"href":"https:\/\/redheadwithabrain.ch\/index.php\/wp-json\/wp\/v2\/media?parent=10250"}],"wp:term":[{"taxonomy":"category","embeddable":true,"href":"https:\/\/redheadwithabrain.ch\/index.php\/wp-json\/wp\/v2\/categories?post=10250"},{"taxonomy":"post_tag","embeddable":true,"href":"https:\/\/redheadwithabrain.ch\/index.php\/wp-json\/wp\/v2\/tags?post=10250"}],"curies":[{"name":"wp","href":"https:\/\/api.w.org\/{rel}","templated":true}]}}