{"id":10255,"date":"2022-07-31T14:18:00","date_gmt":"2022-07-31T12:18:00","guid":{"rendered":"https:\/\/redheadwithabrain.ch\/?p=10255"},"modified":"2022-08-01T14:25:32","modified_gmt":"2022-08-01T12:25:32","slug":"lenfant-dans-le-miroir-nelly-arcan-pascale-bourguignon-2017","status":"publish","type":"post","link":"https:\/\/redheadwithabrain.ch\/index.php\/2022\/07\/31\/lenfant-dans-le-miroir-nelly-arcan-pascale-bourguignon-2017\/","title":{"rendered":"L&#8217;enfant dans le miroir &#8211; Nelly Arcan &#038; Pascale Bourguignon (2017)"},"content":{"rendered":"\n<p class=\"wp-block-paragraph\">C&#8217;est l&#8217;histoire d&#8217;une petite fille qui ne se voit pas dans le miroir. Puis quand elle s&#8217;y voit enfin, se d\u00e9couvre un probl\u00e8me de poids et devient anorexique sous l&#8217;oeil d&#8217;une m\u00e8re qui s&#8217;en d\u00e9sint\u00e9resse et dans p\u00e8re qui contr\u00f4le r\u00e9guli\u00e8rement le poids de sa fille. Une dr\u00f4le d&#8217;histoire dans une calligraphie magnifique avec des illustrations d\u00e9jant\u00e9es. <\/p>\n\n\n\n<p class=\"wp-block-paragraph\"><em>&#8220;Depuis ce temps de l&#8217;anorexie je me suis toujours m\u00e9fi\u00e9e de mon app\u00e9tit beaucoup plus grand que le poids sant\u00e9 contenu dans mon programme g\u00e9n\u00e9tique, ma voracit\u00e9 n&#8217;a jamais eu rien \u00e0 voir avec ma faim, ma voracit\u00e9 a toujours \u00e9t\u00e9 celle des enfants qui cherchent \u00e0 se tuer en avalant tout ce qui leur tombe sous la main \u00e0 force d&#8217;avoir faim j&#8217;y ai sans doute pris go\u00fbt.&#8221;<\/em><\/p>\n\n\n\n<figure class=\"wp-block-image size-full\"><img data-recalc-dims=\"1\" loading=\"lazy\" decoding=\"async\" width=\"1981\" height=\"2560\" src=\"https:\/\/i0.wp.com\/redheadwithabrain.ch\/wp-content\/uploads\/2022\/08\/20220801_1320402-scaled.jpg?resize=1981%2C2560&#038;ssl=1\" alt=\"\" class=\"wp-image-10257\" srcset=\"https:\/\/i0.wp.com\/redheadwithabrain.ch\/wp-content\/uploads\/2022\/08\/20220801_1320402-scaled.jpg?w=1981&amp;ssl=1 1981w, https:\/\/i0.wp.com\/redheadwithabrain.ch\/wp-content\/uploads\/2022\/08\/20220801_1320402-scaled.jpg?resize=232%2C300&amp;ssl=1 232w, https:\/\/i0.wp.com\/redheadwithabrain.ch\/wp-content\/uploads\/2022\/08\/20220801_1320402-scaled.jpg?resize=792%2C1024&amp;ssl=1 792w, https:\/\/i0.wp.com\/redheadwithabrain.ch\/wp-content\/uploads\/2022\/08\/20220801_1320402-scaled.jpg?resize=768%2C993&amp;ssl=1 768w, https:\/\/i0.wp.com\/redheadwithabrain.ch\/wp-content\/uploads\/2022\/08\/20220801_1320402-scaled.jpg?resize=1188%2C1536&amp;ssl=1 1188w, https:\/\/i0.wp.com\/redheadwithabrain.ch\/wp-content\/uploads\/2022\/08\/20220801_1320402-scaled.jpg?resize=1585%2C2048&amp;ssl=1 1585w\" sizes=\"auto, (max-width: 1000px) 100vw, 1000px\" \/><\/figure>\n","protected":false},"excerpt":{"rendered":"<p>C&#8217;est l&#8217;histoire d&#8217;une petite fille qui ne se voit pas dans le miroir. Puis quand elle s&#8217;y voit enfin, se d\u00e9couvre un probl\u00e8me de poids et devient anorexique sous l&#8217;oeil d&#8217;une m\u00e8re qui s&#8217;en d\u00e9sint\u00e9resse et dans p\u00e8re qui contr\u00f4le r\u00e9guli\u00e8rement le poids de sa fille. Une dr\u00f4le d&#8217;histoire dans une calligraphie magnifique avec des [&hellip;]<\/p>\n","protected":false},"author":1,"featured_media":10256,"comment_status":"closed","ping_status":"open","sticky":false,"template":"","format":"standard","meta":{"_jetpack_newsletter_access":"","_jetpack_dont_email_post_to_subs":false,"_jetpack_newsletter_tier_id":0,"_jetpack_memberships_contains_paywalled_content":false,"_jetpack_feature_clip_id":0,"_jetpack_memberships_contains_paid_content":false,"footnotes":"","jetpack_post_was_ever_published":false},"categories":[160],"tags":[42,51,48],"class_list":["post-10255","post","type-post","status-publish","format-standard","has-post-thumbnail","hentry","category-graphic-2022","tag-childhood","tag-identity","tag-weirdness"],"jetpack_sharing_enabled":true,"jetpack_featured_media_url":"https:\/\/i0.wp.com\/redheadwithabrain.ch\/wp-content\/uploads\/2022\/08\/inga-gezalian-Wnler_kasvc-unsplash-scaled.jpg?fit=1920%2C2560&ssl=1","_links":{"self":[{"href":"https:\/\/redheadwithabrain.ch\/index.php\/wp-json\/wp\/v2\/posts\/10255","targetHints":{"allow":["GET"]}}],"collection":[{"href":"https:\/\/redheadwithabrain.ch\/index.php\/wp-json\/wp\/v2\/posts"}],"about":[{"href":"https:\/\/redheadwithabrain.ch\/index.php\/wp-json\/wp\/v2\/types\/post"}],"author":[{"embeddable":true,"href":"https:\/\/redheadwithabrain.ch\/index.php\/wp-json\/wp\/v2\/users\/1"}],"replies":[{"embeddable":true,"href":"https:\/\/redheadwithabrain.ch\/index.php\/wp-json\/wp\/v2\/comments?post=10255"}],"version-history":[{"count":3,"href":"https:\/\/redheadwithabrain.ch\/index.php\/wp-json\/wp\/v2\/posts\/10255\/revisions"}],"predecessor-version":[{"id":10260,"href":"https:\/\/redheadwithabrain.ch\/index.php\/wp-json\/wp\/v2\/posts\/10255\/revisions\/10260"}],"wp:featuredmedia":[{"embeddable":true,"href":"https:\/\/redheadwithabrain.ch\/index.php\/wp-json\/wp\/v2\/media\/10256"}],"wp:attachment":[{"href":"https:\/\/redheadwithabrain.ch\/index.php\/wp-json\/wp\/v2\/media?parent=10255"}],"wp:term":[{"taxonomy":"category","embeddable":true,"href":"https:\/\/redheadwithabrain.ch\/index.php\/wp-json\/wp\/v2\/categories?post=10255"},{"taxonomy":"post_tag","embeddable":true,"href":"https:\/\/redheadwithabrain.ch\/index.php\/wp-json\/wp\/v2\/tags?post=10255"}],"curies":[{"name":"wp","href":"https:\/\/api.w.org\/{rel}","templated":true}]}}