{"id":10273,"date":"2021-10-23T17:38:00","date_gmt":"2021-10-23T15:38:00","guid":{"rendered":"https:\/\/redheadwithabrain.ch\/?p=10273"},"modified":"2022-08-02T17:44:29","modified_gmt":"2022-08-02T15:44:29","slug":"conte-de-ali-le-persan-devant-harun-ar-rashid-nuits-294-a-296","status":"publish","type":"post","link":"https:\/\/redheadwithabrain.ch\/index.php\/2021\/10\/23\/conte-de-ali-le-persan-devant-harun-ar-rashid-nuits-294-a-296\/","title":{"rendered":"Conte de &#8216;Al\u00ee le Persan devant H\u00e2r\u00fbn ar-Rash\u00eed &#8211; Nuits 294 \u00e0 296"},"content":{"rendered":"\n<p class=\"wp-block-paragraph\">H\u00e2r\u00fbn s&#8217;ennuie et &#8216;Ali le Persan lui raconte l&#8217;histoire d&#8217;une besace que son serviteur et un Kurde pr\u00e9tendant \u00eatre \u00e0 eux. Devant le juge, ils alignent mensonges sur mensonges sur ce qu&#8217;il y a dedans dedans. <br><\/p>\n\n\n\n<p class=\"wp-block-paragraph\"><em>&#8220;Le Kurde, \u00e0 ces mots, pleura, sanglota et s&#8217;\u00e9cria : <br>-Notre ma\u00eetre le juge, cette besace-l\u00e0 est connue de moi et je peux dire ce qu&#8217;il y a dedans : des forteresses, des citadelles, des grues, des fauves, des hommes qui jouent aux \u00e9checs et aux fl\u00e9chettes; et encore: un trou de mulot, deux poulains, un cheval \u00e9talon, deux chevaux de race, deux lances longues; et encore: une hy\u00e8ne, deux li\u00e8vres, une ville, deux villages, une putain, deux maquereaux roublards, un couard, deux vauriens, un aveugle, deux hommes qui voient bien, un boiteux, deux paralytiques, un pr\u00eatre, deux diacres, un patriarche, deux moines, un juge et deux t\u00e9moins, qui tous confirmeront que la besace est \u00e0 moi.&#8221;<\/em><\/p>\n","protected":false},"excerpt":{"rendered":"<p>H\u00e2r\u00fbn s&#8217;ennuie et &#8216;Ali le Persan lui raconte l&#8217;histoire d&#8217;une besace que son serviteur et un Kurde pr\u00e9tendant \u00eatre \u00e0 eux. Devant le juge, ils alignent mensonges sur mensonges sur ce qu&#8217;il y a dedans dedans. &#8220;Le Kurde, \u00e0 ces mots, pleura, sanglota et s&#8217;\u00e9cria : -Notre ma\u00eetre le juge, cette besace-l\u00e0 est connue de [&hellip;]<\/p>\n","protected":false},"author":1,"featured_media":10274,"comment_status":"closed","ping_status":"open","sticky":false,"template":"","format":"standard","meta":{"_jetpack_newsletter_access":"","_jetpack_dont_email_post_to_subs":false,"_jetpack_newsletter_tier_id":0,"_jetpack_memberships_contains_paywalled_content":false,"_jetpack_feature_clip_id":0,"_jetpack_memberships_contains_paid_content":false,"footnotes":"","jetpack_post_was_ever_published":false},"categories":[11],"tags":[59,47,87],"class_list":["post-10273","post","type-post","status-publish","format-standard","has-post-thumbnail","hentry","category-les-mille-et-une-nuits","tag-crime","tag-humour","tag-lies"],"jetpack_sharing_enabled":true,"jetpack_featured_media_url":"https:\/\/i0.wp.com\/redheadwithabrain.ch\/wp-content\/uploads\/2022\/08\/omid-mozaffari-qbZD-4pxExY-unsplash-scaled.jpg?fit=1709%2C2560&ssl=1","_links":{"self":[{"href":"https:\/\/redheadwithabrain.ch\/index.php\/wp-json\/wp\/v2\/posts\/10273","targetHints":{"allow":["GET"]}}],"collection":[{"href":"https:\/\/redheadwithabrain.ch\/index.php\/wp-json\/wp\/v2\/posts"}],"about":[{"href":"https:\/\/redheadwithabrain.ch\/index.php\/wp-json\/wp\/v2\/types\/post"}],"author":[{"embeddable":true,"href":"https:\/\/redheadwithabrain.ch\/index.php\/wp-json\/wp\/v2\/users\/1"}],"replies":[{"embeddable":true,"href":"https:\/\/redheadwithabrain.ch\/index.php\/wp-json\/wp\/v2\/comments?post=10273"}],"version-history":[{"count":3,"href":"https:\/\/redheadwithabrain.ch\/index.php\/wp-json\/wp\/v2\/posts\/10273\/revisions"}],"predecessor-version":[{"id":10313,"href":"https:\/\/redheadwithabrain.ch\/index.php\/wp-json\/wp\/v2\/posts\/10273\/revisions\/10313"}],"wp:featuredmedia":[{"embeddable":true,"href":"https:\/\/redheadwithabrain.ch\/index.php\/wp-json\/wp\/v2\/media\/10274"}],"wp:attachment":[{"href":"https:\/\/redheadwithabrain.ch\/index.php\/wp-json\/wp\/v2\/media?parent=10273"}],"wp:term":[{"taxonomy":"category","embeddable":true,"href":"https:\/\/redheadwithabrain.ch\/index.php\/wp-json\/wp\/v2\/categories?post=10273"},{"taxonomy":"post_tag","embeddable":true,"href":"https:\/\/redheadwithabrain.ch\/index.php\/wp-json\/wp\/v2\/tags?post=10273"}],"curies":[{"name":"wp","href":"https:\/\/api.w.org\/{rel}","templated":true}]}}