{"id":10414,"date":"2022-05-06T16:47:00","date_gmt":"2022-05-06T14:47:00","guid":{"rendered":"https:\/\/redheadwithabrain.ch\/?p=10414"},"modified":"2022-08-10T17:05:40","modified_gmt":"2022-08-10T15:05:40","slug":"la-dune-de-pilat-bassin-darcachon-2022","status":"publish","type":"post","link":"https:\/\/redheadwithabrain.ch\/index.php\/2022\/05\/06\/la-dune-de-pilat-bassin-darcachon-2022\/","title":{"rendered":"La dune de Pilat &#8211; Bassin d&#8217;Arcachon (2022)"},"content":{"rendered":"\n<p class=\"wp-block-paragraph\">La dune de Pilat est la plus haute dune d&#8217;Europe avec 105 m\u00e8tres en 2020. Elle s&#8217;est form\u00e9e tout doucement sur 4000 ans et n&#8217;est pas inerte, elle bouge. Chaque ann\u00e9e, elle prend un \u00e0 cinq m\u00e8tres sur la for\u00eat qui est derri\u00e8re elle. Le sable est magnifique, tellement fin et qui semble tellement pur. Revoir la dune 35 ans plus tard, que de souvenirs.<\/p>\n\n\n\n<p class=\"wp-block-paragraph\">&#8220;<em>Hier, longue promenade en for\u00eat. La \u00ab&nbsp;voiture de sable&nbsp;\u00bb, avec ses roues massives, ses deux chevaux attel\u00e9s en fl\u00e8che, nous a conduits \u00e0 la Grande Dune du Pilat. \u00c9trange lieu que cette montagne sablonneuse, d\u2019o\u00f9 l\u2019on domine \u00e0 la fois la mer et la for\u00eat.[\u2026] On a l\u00e0 une impression de d\u00e9sert et de paix&#8221; (Cahiers,&nbsp;Henri de R\u00e9gnier)<\/em><\/p>\n","protected":false},"excerpt":{"rendered":"<p>La dune de Pilat est la plus haute dune d&#8217;Europe avec 105 m\u00e8tres en 2020. Elle s&#8217;est form\u00e9e tout doucement sur 4000 ans et n&#8217;est pas inerte, elle bouge. Chaque ann\u00e9e, elle prend un \u00e0 cinq m\u00e8tres sur la for\u00eat qui est derri\u00e8re elle. Le sable est magnifique, tellement fin et qui semble tellement pur. [&hellip;]<\/p>\n","protected":false},"author":1,"featured_media":10415,"comment_status":"closed","ping_status":"open","sticky":false,"template":"","format":"standard","meta":{"_jetpack_newsletter_access":"","_jetpack_dont_email_post_to_subs":false,"_jetpack_newsletter_tier_id":0,"_jetpack_memberships_contains_paywalled_content":false,"_jetpack_feature_clip_id":0,"_jetpack_memberships_contains_paid_content":false,"footnotes":"","jetpack_post_was_ever_published":false},"categories":[6],"tags":[57,28,83],"class_list":["post-10414","post","type-post","status-publish","format-standard","has-post-thumbnail","hentry","category-bits-bobs","tag-memories","tag-nature","tag-water"],"jetpack_sharing_enabled":true,"jetpack_featured_media_url":"https:\/\/i0.wp.com\/redheadwithabrain.ch\/wp-content\/uploads\/2022\/08\/bernd-dittrich-8eySF9wx7CY-unsplash-scaled-e1660143901843.jpg?fit=2560%2C1478&ssl=1","_links":{"self":[{"href":"https:\/\/redheadwithabrain.ch\/index.php\/wp-json\/wp\/v2\/posts\/10414","targetHints":{"allow":["GET"]}}],"collection":[{"href":"https:\/\/redheadwithabrain.ch\/index.php\/wp-json\/wp\/v2\/posts"}],"about":[{"href":"https:\/\/redheadwithabrain.ch\/index.php\/wp-json\/wp\/v2\/types\/post"}],"author":[{"embeddable":true,"href":"https:\/\/redheadwithabrain.ch\/index.php\/wp-json\/wp\/v2\/users\/1"}],"replies":[{"embeddable":true,"href":"https:\/\/redheadwithabrain.ch\/index.php\/wp-json\/wp\/v2\/comments?post=10414"}],"version-history":[{"count":2,"href":"https:\/\/redheadwithabrain.ch\/index.php\/wp-json\/wp\/v2\/posts\/10414\/revisions"}],"predecessor-version":[{"id":10417,"href":"https:\/\/redheadwithabrain.ch\/index.php\/wp-json\/wp\/v2\/posts\/10414\/revisions\/10417"}],"wp:featuredmedia":[{"embeddable":true,"href":"https:\/\/redheadwithabrain.ch\/index.php\/wp-json\/wp\/v2\/media\/10415"}],"wp:attachment":[{"href":"https:\/\/redheadwithabrain.ch\/index.php\/wp-json\/wp\/v2\/media?parent=10414"}],"wp:term":[{"taxonomy":"category","embeddable":true,"href":"https:\/\/redheadwithabrain.ch\/index.php\/wp-json\/wp\/v2\/categories?post=10414"},{"taxonomy":"post_tag","embeddable":true,"href":"https:\/\/redheadwithabrain.ch\/index.php\/wp-json\/wp\/v2\/tags?post=10414"}],"curies":[{"name":"wp","href":"https:\/\/api.w.org\/{rel}","templated":true}]}}