{"id":10418,"date":"2022-05-07T11:06:00","date_gmt":"2022-05-07T09:06:00","guid":{"rendered":"https:\/\/redheadwithabrain.ch\/?p=10418"},"modified":"2022-08-10T19:13:42","modified_gmt":"2022-08-10T17:13:42","slug":"le-miroir-deau-bordeaux-2006","status":"publish","type":"post","link":"https:\/\/redheadwithabrain.ch\/index.php\/2022\/05\/07\/le-miroir-deau-bordeaux-2006\/","title":{"rendered":"Le miroir d&#8217;eau &#8211; Bordeaux (2006)"},"content":{"rendered":"\n<p class=\"wp-block-paragraph\">Le miroir d&#8217;eau de la place de la Bourse est la plus grande pi\u00e8ce d&#8217;eau du monde. Elle fait 3450\u00a0m\u00b2 et a un r\u00e9servoir souterrain de 800 m<sup>3<\/sup> et fait eau et brouillard en alternance. La bourse et tout le quai se refl\u00e8tent dedans. Bien que surnomm\u00e9e &#8220;flaque \u00e0 moustique&#8221; au d\u00e9part par les habitants de Bordeaux, c&#8217;est un tr\u00e8s joli concept architectural.<\/p>\n\n\n\n<p class=\"wp-block-paragraph\"><em>&#8220;Tout dans le Bordeaux moderne respire la grandeur comme \u00e0 Versailles ; tout dans le vieux Bordeaux raconte l&#8217;histoire comme \u00e0 Anvers. Ces fontaines, ces colonnes rostrales, ces vastes all\u00e9es si bien plant\u00e9es, cette place Royale qui est tout simplement la moiti\u00e9 de la place Vend\u00f4me pos\u00e9e au bord de l&#8217;eau, ce pont d&#8217;un demi-quart de lieue, ce quai superbe, ces larges rues, ce th\u00e9\u00e2tre \u00e9norme et monumental, voil\u00e0 des choses que n&#8217;efface aucune des splendeurs de Versailles, et qui dans Versailles m\u00eame entoureraient dignement le grand ch\u00e2teau qui a log\u00e9 le grand si\u00e8cle.&#8221; (En voyage. Alpes et Pyr\u00e9n\u00e9es. Victor Hugo)<\/em><\/p>\n","protected":false},"excerpt":{"rendered":"<p>Le miroir d&#8217;eau de la place de la Bourse est la plus grande pi\u00e8ce d&#8217;eau du monde. Elle fait 3450\u00a0m\u00b2 et a un r\u00e9servoir souterrain de 800 m3 et fait eau et brouillard en alternance. La bourse et tout le quai se refl\u00e8tent dedans. Bien que surnomm\u00e9e &#8220;flaque \u00e0 moustique&#8221; au d\u00e9part par les habitants [&hellip;]<\/p>\n","protected":false},"author":1,"featured_media":10419,"comment_status":"closed","ping_status":"open","sticky":false,"template":"","format":"standard","meta":{"_jetpack_newsletter_access":"","_jetpack_dont_email_post_to_subs":false,"_jetpack_newsletter_tier_id":0,"_jetpack_memberships_contains_paywalled_content":false,"_jetpack_feature_clip_id":0,"_jetpack_memberships_contains_paid_content":false,"footnotes":"","jetpack_post_was_ever_published":false},"categories":[6],"tags":[118,67,83],"class_list":["post-10418","post","type-post","status-publish","format-standard","has-post-thumbnail","hentry","category-bits-bobs","tag-beauty","tag-creativity","tag-water"],"jetpack_sharing_enabled":true,"jetpack_featured_media_url":"https:\/\/i0.wp.com\/redheadwithabrain.ch\/wp-content\/uploads\/2022\/08\/20220507_111527-scaled.jpg?fit=2560%2C1920&ssl=1","_links":{"self":[{"href":"https:\/\/redheadwithabrain.ch\/index.php\/wp-json\/wp\/v2\/posts\/10418","targetHints":{"allow":["GET"]}}],"collection":[{"href":"https:\/\/redheadwithabrain.ch\/index.php\/wp-json\/wp\/v2\/posts"}],"about":[{"href":"https:\/\/redheadwithabrain.ch\/index.php\/wp-json\/wp\/v2\/types\/post"}],"author":[{"embeddable":true,"href":"https:\/\/redheadwithabrain.ch\/index.php\/wp-json\/wp\/v2\/users\/1"}],"replies":[{"embeddable":true,"href":"https:\/\/redheadwithabrain.ch\/index.php\/wp-json\/wp\/v2\/comments?post=10418"}],"version-history":[{"count":7,"href":"https:\/\/redheadwithabrain.ch\/index.php\/wp-json\/wp\/v2\/posts\/10418\/revisions"}],"predecessor-version":[{"id":10449,"href":"https:\/\/redheadwithabrain.ch\/index.php\/wp-json\/wp\/v2\/posts\/10418\/revisions\/10449"}],"wp:featuredmedia":[{"embeddable":true,"href":"https:\/\/redheadwithabrain.ch\/index.php\/wp-json\/wp\/v2\/media\/10419"}],"wp:attachment":[{"href":"https:\/\/redheadwithabrain.ch\/index.php\/wp-json\/wp\/v2\/media?parent=10418"}],"wp:term":[{"taxonomy":"category","embeddable":true,"href":"https:\/\/redheadwithabrain.ch\/index.php\/wp-json\/wp\/v2\/categories?post=10418"},{"taxonomy":"post_tag","embeddable":true,"href":"https:\/\/redheadwithabrain.ch\/index.php\/wp-json\/wp\/v2\/tags?post=10418"}],"curies":[{"name":"wp","href":"https:\/\/api.w.org\/{rel}","templated":true}]}}