{"id":10422,"date":"2022-05-07T17:29:00","date_gmt":"2022-05-07T15:29:00","guid":{"rendered":"https:\/\/redheadwithabrain.ch\/?p=10422"},"modified":"2022-08-10T19:16:04","modified_gmt":"2022-08-10T17:16:04","slug":"basilique-saint-michel-et-son-campanile-bordeaux-xvie-siecle","status":"publish","type":"post","link":"https:\/\/redheadwithabrain.ch\/index.php\/2022\/05\/07\/basilique-saint-michel-et-son-campanile-bordeaux-xvie-siecle\/","title":{"rendered":"Basilique Saint-Michel et son campanile &#8211; Bordeaux (XVIe si\u00e8cle)"},"content":{"rendered":"\n<p class=\"wp-block-paragraph\">Inscrite sur la\u00a0liste du patrimoine mondial\u00a0de l&#8217;UNESCO\u00a0depuis\u00a01998\u00a0car sur le chemin de Saint-Jacques-de-Compostelle, la basilique de Saint-Michel est de style gothique flamboyant&#8230; ce qui semble un peu contradictoire, mais vient seulement du fait que la forme des ornements est inspir\u00e9e de celle des flammes. Le campanile de la basilique Saint-Michel a la particularit\u00e9 d&#8217;\u00eatre ind\u00e9pendant de l&#8217;\u00e9glise elle-m\u00eame. C&#8217;est le plus haut du\u00a0Midi de la France\u00a0(114 m) et le troisi\u00e8me plus haut de l&#8217;hexagone. Le haut du campanile est ab\u00eem\u00e9 et le monument est donc ferm\u00e9 depuis novembre 2021 pour r\u00e9paration. Le march\u00e9 qui se tient normalement sur la place de la basilique n&#8217;a plus lieu non plus. Un peu triste.<\/p>\n\n\n\n<p class=\"wp-block-paragraph\"><em>&#8220;J&#8217;\u00e9tais plong\u00e9 dans ce chaos de pens\u00e9es. Ces morts qui s&#8217;entretenaient entre eux ne m&#8217;inspiraient plus d&#8217;effroi ; je me sentais presque \u00e0 l&#8217;aise parmi eux. Tout \u00e0 coup, je ne sais comment il me revint \u00e0 l&#8217;esprit qu&#8217;en ce moment-l\u00e0 m\u00eame, au haut de cette tour de St Michel \u00e0 deux cents pieds sur ma t\u00eate au dessus de ces spectres qui \u00e9changent dans la nuit je ne sais quelles communications myst\u00e9rieuses, un t\u00e9l\u00e9graphe, pauvre machine de bois men\u00e9e par une ficelle, s&#8217;agitait dans la nu\u00e9e et jetait l&#8217;une apr\u00e8s l&#8217;autre \u00e0 travers l&#8217;espace dans la langue myst\u00e9rieuse qu&#8217;il a lui aussi, toutes ces choses imperceptibles qui demain seront le journal. Jamais je n&#8217;ai mieux senti que dans ce moment-l\u00e0 la vanit\u00e9 de tout ce qui nous passionne. Quel \u00e8 que cette tour de St Michel ! Quel contraste et quel enseignement ! Sur son fa\u00eete, dans la lumi\u00e8re et dans le soleil, au milieu de l&#8217;azur du ciel, aux yeux de la foule affair\u00e9e qui fourmille dans les rues, un t\u00e9l\u00e9graphe qui gesticule et se d\u00e9m\u00e8ne comme Pasquin sur son tr\u00e9teau, dit et d\u00e9taille minutieusement toutes les pauvret\u00e9s de l&#8217;histoire du jour et de la politique du quart d&#8217;heure. Espartero qui tombe, Narvaez qui surgit, Lopez qui chasse Mendizabal, les grands \u00e9v\u00e8nements microscopiques, les infusoires qui se font dictateurs, volvoces qui se font tribuns, les vibrions qui se font tyrans, toutes les petitesses dont se composent l&#8217;homme qui passe et l&#8217;instant qui fuit, et pendant ce temps-l\u00e0, \u00e0 sa base, au milieu du massif sur lequel la tour s&#8217;appuie, dans une crypte o\u00f9 n&#8217;arrive ni un rayon ni un bruit, un concile de spectres assis en cercle dans les t\u00e9n\u00e8bres parle tout bas de la tombe et de l&#8217;\u00e9ternit\u00e9. &#8221; (Alpes et Pyr\u00e9n\u00e9es. Victor Hugo)<\/em><\/p>\n","protected":false},"excerpt":{"rendered":"<p>Inscrite sur la\u00a0liste du patrimoine mondial\u00a0de l&#8217;UNESCO\u00a0depuis\u00a01998\u00a0car sur le chemin de Saint-Jacques-de-Compostelle, la basilique de Saint-Michel est de style gothique flamboyant&#8230; ce qui semble un peu contradictoire, mais vient seulement du fait que la forme des ornements est inspir\u00e9e de celle des flammes. Le campanile de la basilique Saint-Michel a la particularit\u00e9 d&#8217;\u00eatre ind\u00e9pendant de [&hellip;]<\/p>\n","protected":false},"author":1,"featured_media":10423,"comment_status":"closed","ping_status":"open","sticky":false,"template":"","format":"standard","meta":{"_jetpack_newsletter_access":"","_jetpack_dont_email_post_to_subs":false,"_jetpack_newsletter_tier_id":0,"_jetpack_memberships_contains_paywalled_content":false,"_jetpack_feature_clip_id":0,"_jetpack_memberships_contains_paid_content":false,"footnotes":"","jetpack_post_was_ever_published":false},"categories":[6],"tags":[112,107,65],"class_list":["post-10422","post","type-post","status-publish","format-standard","has-post-thumbnail","hentry","category-bits-bobs","tag-history","tag-religion","tag-sadness"],"jetpack_sharing_enabled":true,"jetpack_featured_media_url":"https:\/\/i0.wp.com\/redheadwithabrain.ch\/wp-content\/uploads\/2022\/08\/adrian-infernus-fOXJm_aHuQ4-unsplash-scaled.jpg?fit=1708%2C2560&ssl=1","_links":{"self":[{"href":"https:\/\/redheadwithabrain.ch\/index.php\/wp-json\/wp\/v2\/posts\/10422","targetHints":{"allow":["GET"]}}],"collection":[{"href":"https:\/\/redheadwithabrain.ch\/index.php\/wp-json\/wp\/v2\/posts"}],"about":[{"href":"https:\/\/redheadwithabrain.ch\/index.php\/wp-json\/wp\/v2\/types\/post"}],"author":[{"embeddable":true,"href":"https:\/\/redheadwithabrain.ch\/index.php\/wp-json\/wp\/v2\/users\/1"}],"replies":[{"embeddable":true,"href":"https:\/\/redheadwithabrain.ch\/index.php\/wp-json\/wp\/v2\/comments?post=10422"}],"version-history":[{"count":2,"href":"https:\/\/redheadwithabrain.ch\/index.php\/wp-json\/wp\/v2\/posts\/10422\/revisions"}],"predecessor-version":[{"id":10451,"href":"https:\/\/redheadwithabrain.ch\/index.php\/wp-json\/wp\/v2\/posts\/10422\/revisions\/10451"}],"wp:featuredmedia":[{"embeddable":true,"href":"https:\/\/redheadwithabrain.ch\/index.php\/wp-json\/wp\/v2\/media\/10423"}],"wp:attachment":[{"href":"https:\/\/redheadwithabrain.ch\/index.php\/wp-json\/wp\/v2\/media?parent=10422"}],"wp:term":[{"taxonomy":"category","embeddable":true,"href":"https:\/\/redheadwithabrain.ch\/index.php\/wp-json\/wp\/v2\/categories?post=10422"},{"taxonomy":"post_tag","embeddable":true,"href":"https:\/\/redheadwithabrain.ch\/index.php\/wp-json\/wp\/v2\/tags?post=10422"}],"curies":[{"name":"wp","href":"https:\/\/api.w.org\/{rel}","templated":true}]}}