{"id":10588,"date":"2022-04-24T14:25:00","date_gmt":"2022-04-24T12:25:00","guid":{"rendered":"https:\/\/redheadwithabrain.ch\/?p=10588"},"modified":"2022-08-22T14:30:50","modified_gmt":"2022-08-22T12:30:50","slug":"conte-du-passeur-et-du-mystique-nuit-479","status":"publish","type":"post","link":"https:\/\/redheadwithabrain.ch\/index.php\/2022\/04\/24\/conte-du-passeur-et-du-mystique-nuit-479\/","title":{"rendered":"Conte du passeur et du mystique &#8211; Nuit 479"},"content":{"rendered":"\n<p class=\"wp-block-paragraph\">Un passeur emm\u00e8ne un vieil homme de l&#8217;autre c\u00f4t\u00e9 de la rivi\u00e8re. Ce vieil homme lui dit qu&#8217;il sera mort demain et qu&#8217;il devra donner ses affaires \u00e0 qui viendra les lui r\u00e9clamer. Le passeur le d\u00e9couvre en effet mort et prend les affaires du vieillard. Dans la journ\u00e9e, un jeune homme qui dit avoir eu une vision vient lui demander les affaires du vieux. Le passeur les lui remet sans bien comprendre ce qu&#8217;il s&#8217;est pass\u00e9.<\/p>\n\n\n\n<p class=\"wp-block-paragraph\"><em>&#8220;Au moment d&#8217;aborder, il me dit : &#8220;Je voudrais te confier quelque chose. &#8211; Et quoi donc ? J&#8217;ai re\u00e7u cette r\u00e9v\u00e9lation : demain, tu viendras vers moi, \u00e0 l&#8217;heure de midi, et tu me trouveras mort, sous cet arbre-l\u00e0; tu me laveras, tu m&#8217;envelopperas dans le linceul que tu verras sous ma t\u00eate et tu m&#8217;enseveliras, apr\u00e8s avoir pri\u00e9 sur ma d\u00e9pouille, dans ce sable. Tu prendras ma robe, l&#8217;outre et le b\u00e2ton, et tu les remettras \u00e0 qui viendra te les r\u00e9clamer.&#8221;<\/em><\/p>\n","protected":false},"excerpt":{"rendered":"<p>Un passeur emm\u00e8ne un vieil homme de l&#8217;autre c\u00f4t\u00e9 de la rivi\u00e8re. Ce vieil homme lui dit qu&#8217;il sera mort demain et qu&#8217;il devra donner ses affaires \u00e0 qui viendra les lui r\u00e9clamer. Le passeur le d\u00e9couvre en effet mort et prend les affaires du vieillard. Dans la journ\u00e9e, un jeune homme qui dit avoir [&hellip;]<\/p>\n","protected":false},"author":1,"featured_media":10589,"comment_status":"closed","ping_status":"open","sticky":false,"template":"","format":"standard","meta":{"_jetpack_newsletter_access":"","_jetpack_dont_email_post_to_subs":false,"_jetpack_newsletter_tier_id":0,"_jetpack_memberships_contains_paywalled_content":false,"_jetpack_feature_clip_id":0,"_jetpack_memberships_contains_paid_content":false,"footnotes":"","jetpack_post_was_ever_published":false},"categories":[11],"tags":[56,107,192],"class_list":["post-10588","post","type-post","status-publish","format-standard","has-post-thumbnail","hentry","category-les-mille-et-une-nuits","tag-death","tag-religion","tag-trust"],"jetpack_sharing_enabled":true,"jetpack_featured_media_url":"https:\/\/i0.wp.com\/redheadwithabrain.ch\/wp-content\/uploads\/2022\/08\/shutterstock_1090528175-scaled.jpg?fit=2560%2C1707&ssl=1","_links":{"self":[{"href":"https:\/\/redheadwithabrain.ch\/index.php\/wp-json\/wp\/v2\/posts\/10588","targetHints":{"allow":["GET"]}}],"collection":[{"href":"https:\/\/redheadwithabrain.ch\/index.php\/wp-json\/wp\/v2\/posts"}],"about":[{"href":"https:\/\/redheadwithabrain.ch\/index.php\/wp-json\/wp\/v2\/types\/post"}],"author":[{"embeddable":true,"href":"https:\/\/redheadwithabrain.ch\/index.php\/wp-json\/wp\/v2\/users\/1"}],"replies":[{"embeddable":true,"href":"https:\/\/redheadwithabrain.ch\/index.php\/wp-json\/wp\/v2\/comments?post=10588"}],"version-history":[{"count":3,"href":"https:\/\/redheadwithabrain.ch\/index.php\/wp-json\/wp\/v2\/posts\/10588\/revisions"}],"predecessor-version":[{"id":10603,"href":"https:\/\/redheadwithabrain.ch\/index.php\/wp-json\/wp\/v2\/posts\/10588\/revisions\/10603"}],"wp:featuredmedia":[{"embeddable":true,"href":"https:\/\/redheadwithabrain.ch\/index.php\/wp-json\/wp\/v2\/media\/10589"}],"wp:attachment":[{"href":"https:\/\/redheadwithabrain.ch\/index.php\/wp-json\/wp\/v2\/media?parent=10588"}],"wp:term":[{"taxonomy":"category","embeddable":true,"href":"https:\/\/redheadwithabrain.ch\/index.php\/wp-json\/wp\/v2\/categories?post=10588"},{"taxonomy":"post_tag","embeddable":true,"href":"https:\/\/redheadwithabrain.ch\/index.php\/wp-json\/wp\/v2\/tags?post=10588"}],"curies":[{"name":"wp","href":"https:\/\/api.w.org\/{rel}","templated":true}]}}