{"id":10675,"date":"2022-08-28T21:59:00","date_gmt":"2022-08-28T19:59:00","guid":{"rendered":"https:\/\/redheadwithabrain.ch\/?p=10675"},"modified":"2024-03-07T21:41:57","modified_gmt":"2024-03-07T20:41:57","slug":"en-therapie-saison-2-eric-toledano-olivier-nakache-2022","status":"publish","type":"post","link":"https:\/\/redheadwithabrain.ch\/index.php\/2022\/08\/28\/en-therapie-saison-2-eric-toledano-olivier-nakache-2022\/","title":{"rendered":"En Th\u00e9rapie &#8211; Saison 2 &#8211; \u00c9ric Toledano &#038; Olivier Nakache (2022)"},"content":{"rendered":"\n<p class=\"wp-block-paragraph\">Retour du Docteur Philippe Dayan qu&#8217;on suit dans la th\u00e9rapie de quatre nouveaux patients, cette fois dans la p\u00e9riode qui suit la premi\u00e8re vague du Covid-19. Il y a In\u00e8s, une avocate que Dayan avait eu comme patiente \u00e0 17 ans au planning familial et \u00e0 qui il avait conseill\u00e9 d&#8217;avorter, Robin, le fils du couple qu&#8217;il avait en consultation lors de la premi\u00e8re saison, un jeune gar\u00e7on en surpoids qui souffre de la s\u00e9paration de ses parents, Lydia, jeune femme qui a \u00e9t\u00e9 diagnostiqu\u00e9e d&#8217;un cancer du sein et qui peine \u00e0 demander de l&#8217;aide et Alain, un chef d&#8217;entreprise accus\u00e9 d&#8217;avoir pouss\u00e9 une employ\u00e9e au suicide. Dayan lui-m\u00eame est pris dans la tourmente avec un proc\u00e8s qui voudrait en faire le responsable de la mort d&#8217;Adel, parti se battre en Syrie lors de la fin de la saison 1. Il consulte donc Claire, une autre analyste, jou\u00e9e par Charlotte Gainsbourg, pour le soutenir tout au long de ce proc\u00e8s. Il faut encore mentionner les apparitions d&#8217;Agn\u00e8s Jaoui comme amie d&#8217;enfance de Dayan et r\u00e9alisatrice de plusieurs \u00e9pisodes. Deuxi\u00e8me saison aussi bonne que la premi\u00e8re. Toujours cette impression d&#8217;\u00eatre tous les patients \u00e0 la fois et en m\u00eame temps aucun d&#8217;entre eux. <\/p>\n\n\n\n<p class=\"wp-block-paragraph\"><em>&#8220;Vous savez, quand un enfant exprime un besoin auquel son p\u00e8re ou sa m\u00e8re ne r\u00e9pondent pas, il finit par ne plus l&#8217;exprimer du tout. Et si cet enfant n&#8217;a plus les mots, il n&#8217;a plus les pens\u00e9es. C&#8217;est le langage qui rend r\u00e9el les choses abstraites comme les sentiments. En ne les nommant pas, les sentiments disparaissent.&#8221;<\/em><\/p>\n\n\n\n<p class=\"wp-block-paragraph\" style=\"font-size:15px\"><strong><mark style=\"background-color:rgba(0, 0, 0, 0)\" class=\"has-inline-color has-colibri-color-4-color\">35 \u00e9pisodes d&#8217;environ 30 minutes<\/mark><\/strong><\/p>\n\n\n\n<p class=\"wp-block-paragraph\" style=\"font-size:15px\">\u00c9pisode 1. In\u00e8s &#8211; lundi\u00a018 mai 2020,\u00a09\u00a0h<br>\u00c9pisode 2. Robin &#8211; mardi\u00a019 mai 2020,\u00a017\u00a0h<br>\u00c9pisode 3. Lydia &#8211; mercredi\u00a020 mai 2020,\u00a09\u00a0h<br>\u00c9pisode 4. Alain &#8211; jeudi\u00a021 mai 2020,\u00a020\u00a0h<br>\u00c9pisode 5. Claire &#8211; vendredi\u00a022 mai 2020,\u00a018\u00a0h<br>\u00c9pisode 6. In\u00e8s &#8211; lundi\u00a025 mai 2020,\u00a07\u00a0h\u00a030<br>\u00c9pisode 7. Robin &#8211; mardi\u00a026 mai 2020,\u00a017\u00a0h<br>\u00c9pisode 8. Lydia &#8211; mercredi\u00a027 mai 2020,\u00a09\u00a0h<br>\u00c9pisode 9. Alain &#8211; jeudi\u00a028 mai 2020,\u00a020\u00a0h<br>\u00c9pisode 10. Claire &#8211; vendredi\u00a029 mai 2020,\u00a018\u00a0h<br>\u00c9pisode 11. In\u00e8s &#8211; lundi\u00a01<sup>er<\/sup>\u00a0juin 2020,\u00a07\u00a0h\u00a042<br>\u00c9pisode 12. Robin &#8211; mardi\u00a02 juin 2020,\u00a017\u00a0h<br>\u00c9pisode 13. Lydia &#8211; mercredi\u00a03 juin 2020,\u00a08\u00a0h\u00a015<br>\u00c9pisode 14. Alain &#8211; jeudi\u00a04 juin 2020,\u00a020\u00a0h\u00a030<br>\u00c9pisode 15. Philippe &#8211; vendredi\u00a05 juin 2020,\u00a014\u00a0h<br>\u00c9pisode 16. In\u00e8s &#8211; lundi\u00a08 juin 2020,\u00a07\u00a0h\u00a035<br>\u00c9pisode 17. Robin &#8211; mardi\u00a09 juin 2020,\u00a017\u00a0h<br>\u00c9pisode 18. Lydia &#8211; mercredi\u00a010 juin 2020,\u00a09\u00a0h<br>\u00c9pisode 19. Alain &#8211; jeudi\u00a011 juin 2020,\u00a020\u00a0h<br>\u00c9pisode 20. Claire &#8211; vendredi\u00a012 juin 2020,\u00a018\u00a0h<br>\u00c9pisode 21. In\u00e8s &#8211; lundi\u00a022 juin 2020,\u00a07\u00a0h\u00a030<br>\u00c9pisode 22. Robin &#8211; mardi\u00a023 juin 2020,\u00a015\u00a0h<br>\u00c9pisode 23. Lydia &#8211; mercredi\u00a024 juin 2020,\u00a09\u00a0h<br>\u00c9pisode 24. Alain &#8211; jeudi\u00a025 juin 2020,\u00a020\u00a0h<br>\u00c9pisode 25. Claire &#8211; vendredi\u00a026 juin 2020,\u00a018\u00a0h<br>\u00c9pisode 26. In\u00e8s &#8211; lundi\u00a029 juin 2020,\u00a07\u00a0h\u00a030<br>\u00c9pisode 27. Robin &#8211; mardi\u00a030 juin 2020,\u00a017\u00a0h<br>\u00c9pisode 28. Lydia &#8211; mercredi\u00a01<sup>er<\/sup>\u00a0juillet 2020,\u00a09\u00a0h<br>\u00c9pisode 29. Alain et Anouk &#8211; jeudi\u00a02 juillet 2020,\u00a013\u00a0h<br>\u00c9pisode 30. Claire &#8211; vendredi\u00a03 juillet 2020,\u00a018\u00a0h<br>\u00c9pisode 31. In\u00e8s &#8211; lundi\u00a06 juillet 2020,\u00a07\u00a0h\u00a030<br>\u00c9pisode 32. Robin &#8211; mardi\u00a07 juillet 2020,\u00a017\u00a0h<br>\u00c9pisode 33. Lydia &#8211; mercredi\u00a08 juillet 2020,\u00a09\u00a0h\u00a030<br>\u00c9pisode 34. Alain &#8211; jeudi\u00a09 juillet 2020,\u00a020\u00a0h<br>\u00c9pisode 35. Claire &#8211; vendredi\u00a010 juillet 2020,\u00a018\u00a0h<\/p>\n","protected":false},"excerpt":{"rendered":"<p>Retour du Docteur Philippe Dayan qu&#8217;on suit dans la th\u00e9rapie de quatre nouveaux patients, cette fois dans la p\u00e9riode qui suit la premi\u00e8re vague du Covid-19. Il y a In\u00e8s, une avocate que Dayan avait eu comme patiente \u00e0 17 ans au planning familial et \u00e0 qui il avait conseill\u00e9 d&#8217;avorter, Robin, le fils du [&hellip;]<\/p>\n","protected":false},"author":1,"featured_media":10680,"comment_status":"closed","ping_status":"open","sticky":false,"template":"","format":"standard","meta":{"_jetpack_newsletter_access":"","_jetpack_dont_email_post_to_subs":false,"_jetpack_newsletter_tier_id":0,"_jetpack_memberships_contains_paywalled_content":false,"_jetpack_feature_clip_id":0,"_jetpack_memberships_contains_paid_content":false,"footnotes":"","jetpack_post_was_ever_published":false},"categories":[4],"tags":[182,109,13],"class_list":["post-10675","post","type-post","status-publish","format-standard","has-post-thumbnail","hentry","category-series","tag-intelligence","tag-pain","tag-resilience"],"jetpack_sharing_enabled":true,"jetpack_featured_media_url":"https:\/\/i0.wp.com\/redheadwithabrain.ch\/wp-content\/uploads\/2022\/09\/shutterstock_82095334-scaled-e1662105620634.jpg?fit=2560%2C1406&ssl=1","_links":{"self":[{"href":"https:\/\/redheadwithabrain.ch\/index.php\/wp-json\/wp\/v2\/posts\/10675","targetHints":{"allow":["GET"]}}],"collection":[{"href":"https:\/\/redheadwithabrain.ch\/index.php\/wp-json\/wp\/v2\/posts"}],"about":[{"href":"https:\/\/redheadwithabrain.ch\/index.php\/wp-json\/wp\/v2\/types\/post"}],"author":[{"embeddable":true,"href":"https:\/\/redheadwithabrain.ch\/index.php\/wp-json\/wp\/v2\/users\/1"}],"replies":[{"embeddable":true,"href":"https:\/\/redheadwithabrain.ch\/index.php\/wp-json\/wp\/v2\/comments?post=10675"}],"version-history":[{"count":6,"href":"https:\/\/redheadwithabrain.ch\/index.php\/wp-json\/wp\/v2\/posts\/10675\/revisions"}],"predecessor-version":[{"id":14927,"href":"https:\/\/redheadwithabrain.ch\/index.php\/wp-json\/wp\/v2\/posts\/10675\/revisions\/14927"}],"wp:featuredmedia":[{"embeddable":true,"href":"https:\/\/redheadwithabrain.ch\/index.php\/wp-json\/wp\/v2\/media\/10680"}],"wp:attachment":[{"href":"https:\/\/redheadwithabrain.ch\/index.php\/wp-json\/wp\/v2\/media?parent=10675"}],"wp:term":[{"taxonomy":"category","embeddable":true,"href":"https:\/\/redheadwithabrain.ch\/index.php\/wp-json\/wp\/v2\/categories?post=10675"},{"taxonomy":"post_tag","embeddable":true,"href":"https:\/\/redheadwithabrain.ch\/index.php\/wp-json\/wp\/v2\/tags?post=10675"}],"curies":[{"name":"wp","href":"https:\/\/api.w.org\/{rel}","templated":true}]}}