{"id":10753,"date":"2022-09-10T09:53:00","date_gmt":"2022-09-10T07:53:00","guid":{"rendered":"https:\/\/redheadwithabrain.ch\/?p=10753"},"modified":"2022-09-12T10:01:56","modified_gmt":"2022-09-12T08:01:56","slug":"cabot-caboche-gregory-panaccione-2021","status":"publish","type":"post","link":"https:\/\/redheadwithabrain.ch\/index.php\/2022\/09\/10\/cabot-caboche-gregory-panaccione-2021\/","title":{"rendered":"Cabot-Caboche \u2013 Gr\u00e9gory Panaccione (2021)"},"content":{"rendered":"\n<p class=\"wp-block-paragraph\">Tir\u00e9 du roman de Daniel Pennac, l&#8217;histoire de Le Chien, un petit cabot trop moche pour \u00eatre aim\u00e9, adopt\u00e9, consid\u00e9r\u00e9 \u00e0 part enti\u00e8re. Adopt\u00e9 une premi\u00e8re fois, il est d\u00e9laiss\u00e9 par sa jeune ma\u00eetresse et s&#8217;enfuit. Retrouv\u00e9, cette fois-ci c&#8217;est les parents qui s&#8217;en d\u00e9barrassent. Il rencontre heureusement toute une communaut\u00e9 de chiens et de chats qui l&#8217;entourent et l&#8217;aide \u00e0 reconqu\u00e9rir et dresser sa ma\u00eetresse&#8230; pour une fin toute jolie. Une tr\u00e8s belle bande dessin\u00e9e, tr\u00e8s touchante.<\/p>\n\n\n\n<p class=\"wp-block-paragraph\"><em>&#8220;Le probl\u00e8me dans la vie, c&#8217;est que m\u00eame quand \u00e7a ne change jamais, \u00e7a change tout le temps.&#8221;<\/em><\/p>\n\n\n\n<figure class=\"wp-block-image size-full\"><img data-recalc-dims=\"1\" loading=\"lazy\" decoding=\"async\" width=\"2560\" height=\"1877\" src=\"https:\/\/i0.wp.com\/redheadwithabrain.ch\/wp-content\/uploads\/2022\/09\/20220909_1325212-scaled.jpg?resize=2560%2C1877&#038;ssl=1\" alt=\"\" class=\"wp-image-10756\" srcset=\"https:\/\/i0.wp.com\/redheadwithabrain.ch\/wp-content\/uploads\/2022\/09\/20220909_1325212-scaled.jpg?w=2560&amp;ssl=1 2560w, https:\/\/i0.wp.com\/redheadwithabrain.ch\/wp-content\/uploads\/2022\/09\/20220909_1325212-scaled.jpg?resize=300%2C220&amp;ssl=1 300w, https:\/\/i0.wp.com\/redheadwithabrain.ch\/wp-content\/uploads\/2022\/09\/20220909_1325212-scaled.jpg?resize=1024%2C751&amp;ssl=1 1024w, https:\/\/i0.wp.com\/redheadwithabrain.ch\/wp-content\/uploads\/2022\/09\/20220909_1325212-scaled.jpg?resize=768%2C563&amp;ssl=1 768w, https:\/\/i0.wp.com\/redheadwithabrain.ch\/wp-content\/uploads\/2022\/09\/20220909_1325212-scaled.jpg?resize=1536%2C1126&amp;ssl=1 1536w, https:\/\/i0.wp.com\/redheadwithabrain.ch\/wp-content\/uploads\/2022\/09\/20220909_1325212-scaled.jpg?resize=2048%2C1502&amp;ssl=1 2048w\" sizes=\"auto, (max-width: 1000px) 100vw, 1000px\" \/><\/figure>\n","protected":false},"excerpt":{"rendered":"<p>Tir\u00e9 du roman de Daniel Pennac, l&#8217;histoire de Le Chien, un petit cabot trop moche pour \u00eatre aim\u00e9, adopt\u00e9, consid\u00e9r\u00e9 \u00e0 part enti\u00e8re. Adopt\u00e9 une premi\u00e8re fois, il est d\u00e9laiss\u00e9 par sa jeune ma\u00eetresse et s&#8217;enfuit. Retrouv\u00e9, cette fois-ci c&#8217;est les parents qui s&#8217;en d\u00e9barrassent. Il rencontre heureusement toute une communaut\u00e9 de chiens et de [&hellip;]<\/p>\n","protected":false},"author":1,"featured_media":10754,"comment_status":"closed","ping_status":"open","sticky":false,"template":"","format":"standard","meta":{"_jetpack_newsletter_access":"","_jetpack_dont_email_post_to_subs":false,"_jetpack_newsletter_tier_id":0,"_jetpack_memberships_contains_paywalled_content":false,"_jetpack_feature_clip_id":0,"_jetpack_memberships_contains_paid_content":false,"footnotes":"","jetpack_post_was_ever_published":false},"categories":[160],"tags":[147,36,13],"class_list":["post-10753","post","type-post","status-publish","format-standard","has-post-thumbnail","hentry","category-graphic-2022","tag-animals","tag-friendship","tag-resilience"],"jetpack_sharing_enabled":true,"jetpack_featured_media_url":"https:\/\/i0.wp.com\/redheadwithabrain.ch\/wp-content\/uploads\/2022\/09\/t-r-photography-TzjMd7i5WQI-unsplash-scaled-e1662969352953.jpg?fit=1918%2C1369&ssl=1","_links":{"self":[{"href":"https:\/\/redheadwithabrain.ch\/index.php\/wp-json\/wp\/v2\/posts\/10753","targetHints":{"allow":["GET"]}}],"collection":[{"href":"https:\/\/redheadwithabrain.ch\/index.php\/wp-json\/wp\/v2\/posts"}],"about":[{"href":"https:\/\/redheadwithabrain.ch\/index.php\/wp-json\/wp\/v2\/types\/post"}],"author":[{"embeddable":true,"href":"https:\/\/redheadwithabrain.ch\/index.php\/wp-json\/wp\/v2\/users\/1"}],"replies":[{"embeddable":true,"href":"https:\/\/redheadwithabrain.ch\/index.php\/wp-json\/wp\/v2\/comments?post=10753"}],"version-history":[{"count":2,"href":"https:\/\/redheadwithabrain.ch\/index.php\/wp-json\/wp\/v2\/posts\/10753\/revisions"}],"predecessor-version":[{"id":10757,"href":"https:\/\/redheadwithabrain.ch\/index.php\/wp-json\/wp\/v2\/posts\/10753\/revisions\/10757"}],"wp:featuredmedia":[{"embeddable":true,"href":"https:\/\/redheadwithabrain.ch\/index.php\/wp-json\/wp\/v2\/media\/10754"}],"wp:attachment":[{"href":"https:\/\/redheadwithabrain.ch\/index.php\/wp-json\/wp\/v2\/media?parent=10753"}],"wp:term":[{"taxonomy":"category","embeddable":true,"href":"https:\/\/redheadwithabrain.ch\/index.php\/wp-json\/wp\/v2\/categories?post=10753"},{"taxonomy":"post_tag","embeddable":true,"href":"https:\/\/redheadwithabrain.ch\/index.php\/wp-json\/wp\/v2\/tags?post=10753"}],"curies":[{"name":"wp","href":"https:\/\/api.w.org\/{rel}","templated":true}]}}