{"id":10871,"date":"2022-10-02T20:59:00","date_gmt":"2022-10-02T18:59:00","guid":{"rendered":"https:\/\/redheadwithabrain.ch\/?p=10871"},"modified":"2022-10-04T15:49:47","modified_gmt":"2022-10-04T13:49:47","slug":"persepolis-tome-2-marjane-satrapi-2001","status":"publish","type":"post","link":"https:\/\/redheadwithabrain.ch\/index.php\/2022\/10\/02\/persepolis-tome-2-marjane-satrapi-2001\/","title":{"rendered":"Persepolis &#8211; Tome 2 &#8211; Marjane Satrapi (2001)"},"content":{"rendered":"\n<p class=\"wp-block-paragraph\">Cet \u00e9pisode de la vie de Marjane se situe lors de la fermeture des universit\u00e9s pendant la r\u00e9volution culturelle iranienne et la guerre Iran-Irak qui va de 1980 \u00e0 1988, de ses 11 \u00e0 19 ans. La guerre est \u00e9voqu\u00e9e au travers des p\u00e9nuries, des bombardements, des d\u00e9parts pour la guerre des jeunes gar\u00e7ons et de l&#8217;interdiction des produits occidentaux. L&#8217;\u00e9pisode finit avec le d\u00e9part de Marjane pour l&#8217;Autriche pour continuer ses \u00e9tudes. Ses parents promettent de la rejoindre, mais elle sent qu&#8217;il n\u2019en sera rien. Tr\u00e8s touchant de voir comment ses parents passent au travers des \u00e9v\u00e9nements, prot\u00e9geant leur fille. Int\u00e9ressante fa\u00e7on aussi de d\u00e9couvrir cette p\u00e9riode historique \u00e0 travers ces personnages attachants. Tr\u00e8s joliment racont\u00e9.<\/p>\n\n\n\n<p class=\"wp-block-paragraph\"><em>&#8220;Dans la vie, tu rencontreras beaucoup de cons. S&#8217;ils te blessent, dis-toi que c&#8217;est la b\u00eatise qui les pousse \u00e0 te faire du mal. \u00c7a t&#8217;\u00e9vitera de r\u00e9pondre \u00e0 leur m\u00e9chancet\u00e9. Car il n&#8217;y a rien de pire au monde que l&#8217;amertume et la vengeance&#8230; Reste toujours digne et int\u00e8gre \u00e0 toi-m\u00eame.&#8221;<\/em><\/p>\n\n\n\n<figure class=\"wp-block-image size-large\"><img data-recalc-dims=\"1\" loading=\"lazy\" decoding=\"async\" width=\"1024\" height=\"453\" src=\"https:\/\/i0.wp.com\/redheadwithabrain.ch\/wp-content\/uploads\/2022\/10\/20221002_164524_2-1.jpg?resize=1024%2C453&#038;ssl=1\" alt=\"\" class=\"wp-image-10877\" srcset=\"https:\/\/i0.wp.com\/redheadwithabrain.ch\/wp-content\/uploads\/2022\/10\/20221002_164524_2-1-scaled.jpg?resize=1024%2C453&amp;ssl=1 1024w, https:\/\/i0.wp.com\/redheadwithabrain.ch\/wp-content\/uploads\/2022\/10\/20221002_164524_2-1-scaled.jpg?resize=300%2C133&amp;ssl=1 300w, https:\/\/i0.wp.com\/redheadwithabrain.ch\/wp-content\/uploads\/2022\/10\/20221002_164524_2-1-scaled.jpg?resize=768%2C340&amp;ssl=1 768w, https:\/\/i0.wp.com\/redheadwithabrain.ch\/wp-content\/uploads\/2022\/10\/20221002_164524_2-1-scaled.jpg?resize=1536%2C680&amp;ssl=1 1536w, https:\/\/i0.wp.com\/redheadwithabrain.ch\/wp-content\/uploads\/2022\/10\/20221002_164524_2-1-scaled.jpg?resize=2048%2C906&amp;ssl=1 2048w\" sizes=\"auto, (max-width: 1000px) 100vw, 1000px\" \/><\/figure>\n","protected":false},"excerpt":{"rendered":"<p>Cet \u00e9pisode de la vie de Marjane se situe lors de la fermeture des universit\u00e9s pendant la r\u00e9volution culturelle iranienne et la guerre Iran-Irak qui va de 1980 \u00e0 1988, de ses 11 \u00e0 19 ans. La guerre est \u00e9voqu\u00e9e au travers des p\u00e9nuries, des bombardements, des d\u00e9parts pour la guerre des jeunes gar\u00e7ons et [&hellip;]<\/p>\n","protected":false},"author":1,"featured_media":10892,"comment_status":"closed","ping_status":"open","sticky":false,"template":"","format":"standard","meta":{"_jetpack_newsletter_access":"","_jetpack_dont_email_post_to_subs":false,"_jetpack_newsletter_tier_id":0,"_jetpack_memberships_contains_paywalled_content":false,"_jetpack_feature_clip_id":0,"_jetpack_memberships_contains_paid_content":false,"footnotes":"","jetpack_post_was_ever_published":false},"categories":[160],"tags":[31,112,173],"class_list":["post-10871","post","type-post","status-publish","format-standard","has-post-thumbnail","hentry","category-graphic-2022","tag-family","tag-history","tag-war"],"jetpack_sharing_enabled":true,"jetpack_featured_media_url":"https:\/\/i0.wp.com\/redheadwithabrain.ch\/wp-content\/uploads\/2022\/10\/mostafa-meraji-vZt7rZ4P4fM-unsplash-scaled-e1664891419356.jpg?fit=2560%2C1440&ssl=1","_links":{"self":[{"href":"https:\/\/redheadwithabrain.ch\/index.php\/wp-json\/wp\/v2\/posts\/10871","targetHints":{"allow":["GET"]}}],"collection":[{"href":"https:\/\/redheadwithabrain.ch\/index.php\/wp-json\/wp\/v2\/posts"}],"about":[{"href":"https:\/\/redheadwithabrain.ch\/index.php\/wp-json\/wp\/v2\/types\/post"}],"author":[{"embeddable":true,"href":"https:\/\/redheadwithabrain.ch\/index.php\/wp-json\/wp\/v2\/users\/1"}],"replies":[{"embeddable":true,"href":"https:\/\/redheadwithabrain.ch\/index.php\/wp-json\/wp\/v2\/comments?post=10871"}],"version-history":[{"count":3,"href":"https:\/\/redheadwithabrain.ch\/index.php\/wp-json\/wp\/v2\/posts\/10871\/revisions"}],"predecessor-version":[{"id":10891,"href":"https:\/\/redheadwithabrain.ch\/index.php\/wp-json\/wp\/v2\/posts\/10871\/revisions\/10891"}],"wp:featuredmedia":[{"embeddable":true,"href":"https:\/\/redheadwithabrain.ch\/index.php\/wp-json\/wp\/v2\/media\/10892"}],"wp:attachment":[{"href":"https:\/\/redheadwithabrain.ch\/index.php\/wp-json\/wp\/v2\/media?parent=10871"}],"wp:term":[{"taxonomy":"category","embeddable":true,"href":"https:\/\/redheadwithabrain.ch\/index.php\/wp-json\/wp\/v2\/categories?post=10871"},{"taxonomy":"post_tag","embeddable":true,"href":"https:\/\/redheadwithabrain.ch\/index.php\/wp-json\/wp\/v2\/tags?post=10871"}],"curies":[{"name":"wp","href":"https:\/\/api.w.org\/{rel}","templated":true}]}}