{"id":10981,"date":"2022-10-09T18:02:00","date_gmt":"2022-10-09T16:02:00","guid":{"rendered":"https:\/\/redheadwithabrain.ch\/?p=10981"},"modified":"2025-08-01T13:03:54","modified_gmt":"2025-08-01T11:03:54","slug":"aimee-julien-dore-2022","status":"publish","type":"post","link":"https:\/\/redheadwithabrain.ch\/index.php\/2022\/10\/09\/aimee-julien-dore-2022\/","title":{"rendered":"Aim\u00e9e &#8211; Julien Dor\u00e9 (2022)"},"content":{"rendered":"\n<p class=\"wp-block-paragraph\">Grande salle de l&#8217;Arena, un dimanche en fin de journ\u00e9e, la salle pleine. Julien, costume rose et cheveux longs rel\u00e2ch\u00e9s, qui arrive et fait chanter et bouger tout le monde d\u00e8s la premi\u00e8re chanson. Un \u00e9norme \u00e9cran qui tant\u00f4t passe des images de plage, un coucher de soleil plus kitch, c&#8217;est pas possible, tant\u00f4t montre Julien lui-m\u00eame en tout grand qui chante face \u00e0 la cam\u00e9ra. On a droit \u00e0 ses plus belles chansons, quelques-unes seul au piano o\u00f9 il rendra hommage \u00e0 Christophe et chantera m\u00eame du Gilbert Montagn\u00e9. Il n&#8217;a pas peur de para\u00eetre narcissique ou ridicule, son humour et sa d\u00e9rision l&#8217;en emp\u00eachent. Vraiment du tr\u00e8s beau spectacle, un sacr\u00e9 showman.<\/p>\n\n\n\n<p class=\"has-text-align-center wp-block-paragraph\"><em>&#8220;Sublime &amp; Silence<br>Autour de moi tu dances<br>Et moi j&#8217;oublie<br>C&#8217;est \u00e0 toi que je pense<br>Ta bouche br\u00fblante<br>Comme tu souris<br>Le vide aurait suffit<br>Le vide aurait suffit&#8221;<\/em><\/p>\n","protected":false},"excerpt":{"rendered":"<p>Grande salle de l&#8217;Arena, un dimanche en fin de journ\u00e9e, la salle pleine. Julien, costume rose et cheveux longs rel\u00e2ch\u00e9s, qui arrive et fait chanter et bouger tout le monde d\u00e8s la premi\u00e8re chanson. Un \u00e9norme \u00e9cran qui tant\u00f4t passe des images de plage, un coucher de soleil plus kitch, c&#8217;est pas possible, tant\u00f4t montre [&hellip;]<\/p>\n","protected":false},"author":1,"featured_media":10996,"comment_status":"closed","ping_status":"open","sticky":false,"template":"","format":"standard","meta":{"_jetpack_newsletter_access":"","_jetpack_dont_email_post_to_subs":false,"_jetpack_newsletter_tier_id":0,"_jetpack_memberships_contains_paywalled_content":false,"_jetpack_feature_clip_id":0,"_jetpack_memberships_contains_paid_content":false,"footnotes":"","jetpack_post_was_ever_published":false},"categories":[3],"tags":[118,67,19],"class_list":["post-10981","post","type-post","status-publish","format-standard","has-post-thumbnail","hentry","category-concerts","tag-beauty","tag-creativity","tag-love"],"jetpack_sharing_enabled":true,"jetpack_featured_media_url":"https:\/\/i0.wp.com\/redheadwithabrain.ch\/wp-content\/uploads\/2022\/10\/20221009_191201-scaled-e1665850122321.jpg?fit=1881%2C1920&ssl=1","_links":{"self":[{"href":"https:\/\/redheadwithabrain.ch\/index.php\/wp-json\/wp\/v2\/posts\/10981","targetHints":{"allow":["GET"]}}],"collection":[{"href":"https:\/\/redheadwithabrain.ch\/index.php\/wp-json\/wp\/v2\/posts"}],"about":[{"href":"https:\/\/redheadwithabrain.ch\/index.php\/wp-json\/wp\/v2\/types\/post"}],"author":[{"embeddable":true,"href":"https:\/\/redheadwithabrain.ch\/index.php\/wp-json\/wp\/v2\/users\/1"}],"replies":[{"embeddable":true,"href":"https:\/\/redheadwithabrain.ch\/index.php\/wp-json\/wp\/v2\/comments?post=10981"}],"version-history":[{"count":5,"href":"https:\/\/redheadwithabrain.ch\/index.php\/wp-json\/wp\/v2\/posts\/10981\/revisions"}],"predecessor-version":[{"id":10998,"href":"https:\/\/redheadwithabrain.ch\/index.php\/wp-json\/wp\/v2\/posts\/10981\/revisions\/10998"}],"wp:featuredmedia":[{"embeddable":true,"href":"https:\/\/redheadwithabrain.ch\/index.php\/wp-json\/wp\/v2\/media\/10996"}],"wp:attachment":[{"href":"https:\/\/redheadwithabrain.ch\/index.php\/wp-json\/wp\/v2\/media?parent=10981"}],"wp:term":[{"taxonomy":"category","embeddable":true,"href":"https:\/\/redheadwithabrain.ch\/index.php\/wp-json\/wp\/v2\/categories?post=10981"},{"taxonomy":"post_tag","embeddable":true,"href":"https:\/\/redheadwithabrain.ch\/index.php\/wp-json\/wp\/v2\/tags?post=10981"}],"curies":[{"name":"wp","href":"https:\/\/api.w.org\/{rel}","templated":true}]}}