{"id":11091,"date":"2022-10-21T23:29:00","date_gmt":"2022-10-21T21:29:00","guid":{"rendered":"https:\/\/redheadwithabrain.ch\/?p=11091"},"modified":"2022-10-28T14:01:20","modified_gmt":"2022-10-28T12:01:20","slug":"musee-dorsay-paris-2022","status":"publish","type":"post","link":"https:\/\/redheadwithabrain.ch\/index.php\/2022\/10\/21\/musee-dorsay-paris-2022\/","title":{"rendered":"Mus\u00e9e d&#8217;Orsay &#8211; Paris (2022)"},"content":{"rendered":"\n<p class=\"wp-block-paragraph\">Le&nbsp;mus\u00e9e d&#8217;Orsay a \u00e9t\u00e9 inaugur\u00e9 en 1986, une ancienne gare r\u00e9am\u00e9nag\u00e9e en mus\u00e9e sur d\u00e9cision de Val\u00e9ry Giscard-d&#8217;Estaing. Le b\u00e2timent lui-m\u00eame est magnifique et l&#8217;espace utilis\u00e9 avec brio. Les collections qui s&#8217;y trouvent pr\u00e9sentent l&#8217;art occidental de 1848 \u00e0 1914 sous toutes ses formes, peinture,&nbsp;sculpture,&nbsp;arts d\u00e9coratifs,&nbsp;photographie &#8230; C&#8217;est l&#8217;un des plus grands mus\u00e9es d&#8217;Europe pour cette p\u00e9riode. C&#8217;est un mus\u00e9e qu&#8217;il faut visiter plusieurs fois tellement c&#8217;est dense. Cette ann\u00e9e, une promenade \u00e0 travers les tableaux impressionnistes, juste pour voir si j&#8217;arrive toujours \u00e0 leur attribuer leur auteur de loin, Camille Claudel et Rodin pour me rappeler la place de la femme dans l&#8217;art et l&#8217;abus de nombreux mentors, les sculptures de l&#8217;all\u00e9e centrale qu&#8217;on ne regarde jamais assez et un tour par les arts d\u00e9coratifs qui surprennent toujours. Un petit repas au Caf\u00e9 Campana, caf\u00e9 art nouveau face \u00e0 l&#8217;une des \u00e9normes horloges de la fa\u00e7ade du mus\u00e9e et voil\u00e0 une belle matin\u00e9e culturelle. <\/p>\n\n\n\n<p class=\"wp-block-paragraph\"><em>&#8220;La gare est superbe et a l&#8217;air d&#8217;un palais des Beaux-Arts, et le Palais des Beaux-Arts ressemblant \u00e0 une gare, je propose \u00e0 Laloux (l&#8217;architecte d&#8217;Orsay) de faire l&#8217;\u00e9change s&#8217;il en est temps encore.&#8221; \u00e9crivait le peintre Detaille en 1900.&#8221; (Mus\u00e9e d&#8217;Orsay &#8211; Guide. 1992)<\/em><\/p>\n","protected":false},"excerpt":{"rendered":"<p>Le&nbsp;mus\u00e9e d&#8217;Orsay a \u00e9t\u00e9 inaugur\u00e9 en 1986, une ancienne gare r\u00e9am\u00e9nag\u00e9e en mus\u00e9e sur d\u00e9cision de Val\u00e9ry Giscard-d&#8217;Estaing. Le b\u00e2timent lui-m\u00eame est magnifique et l&#8217;espace utilis\u00e9 avec brio. Les collections qui s&#8217;y trouvent pr\u00e9sentent l&#8217;art occidental de 1848 \u00e0 1914 sous toutes ses formes, peinture,&nbsp;sculpture,&nbsp;arts d\u00e9coratifs,&nbsp;photographie &#8230; C&#8217;est l&#8217;un des plus grands mus\u00e9es d&#8217;Europe pour [&hellip;]<\/p>\n","protected":false},"author":1,"featured_media":11095,"comment_status":"closed","ping_status":"open","sticky":false,"template":"","format":"standard","meta":{"_jetpack_newsletter_access":"","_jetpack_dont_email_post_to_subs":false,"_jetpack_newsletter_tier_id":0,"_jetpack_memberships_contains_paywalled_content":false,"_jetpack_feature_clip_id":0,"_jetpack_memberships_contains_paid_content":false,"footnotes":"","jetpack_post_was_ever_published":false},"categories":[117],"tags":[118,67,112],"class_list":["post-11091","post","type-post","status-publish","format-standard","has-post-thumbnail","hentry","category-exhibitions","tag-beauty","tag-creativity","tag-history"],"jetpack_sharing_enabled":true,"jetpack_featured_media_url":"https:\/\/i0.wp.com\/redheadwithabrain.ch\/wp-content\/uploads\/2022\/10\/deniz-demirci-ISP7UeyO2Hc-unsplash-scaled.jpg?fit=1707%2C2560&ssl=1","_links":{"self":[{"href":"https:\/\/redheadwithabrain.ch\/index.php\/wp-json\/wp\/v2\/posts\/11091","targetHints":{"allow":["GET"]}}],"collection":[{"href":"https:\/\/redheadwithabrain.ch\/index.php\/wp-json\/wp\/v2\/posts"}],"about":[{"href":"https:\/\/redheadwithabrain.ch\/index.php\/wp-json\/wp\/v2\/types\/post"}],"author":[{"embeddable":true,"href":"https:\/\/redheadwithabrain.ch\/index.php\/wp-json\/wp\/v2\/users\/1"}],"replies":[{"embeddable":true,"href":"https:\/\/redheadwithabrain.ch\/index.php\/wp-json\/wp\/v2\/comments?post=11091"}],"version-history":[{"count":5,"href":"https:\/\/redheadwithabrain.ch\/index.php\/wp-json\/wp\/v2\/posts\/11091\/revisions"}],"predecessor-version":[{"id":11097,"href":"https:\/\/redheadwithabrain.ch\/index.php\/wp-json\/wp\/v2\/posts\/11091\/revisions\/11097"}],"wp:featuredmedia":[{"embeddable":true,"href":"https:\/\/redheadwithabrain.ch\/index.php\/wp-json\/wp\/v2\/media\/11095"}],"wp:attachment":[{"href":"https:\/\/redheadwithabrain.ch\/index.php\/wp-json\/wp\/v2\/media?parent=11091"}],"wp:term":[{"taxonomy":"category","embeddable":true,"href":"https:\/\/redheadwithabrain.ch\/index.php\/wp-json\/wp\/v2\/categories?post=11091"},{"taxonomy":"post_tag","embeddable":true,"href":"https:\/\/redheadwithabrain.ch\/index.php\/wp-json\/wp\/v2\/tags?post=11091"}],"curies":[{"name":"wp","href":"https:\/\/api.w.org\/{rel}","templated":true}]}}