{"id":11266,"date":"2022-11-12T10:40:49","date_gmt":"2022-11-12T09:40:49","guid":{"rendered":"https:\/\/redheadwithabrain.ch\/?p=11266"},"modified":"2022-11-13T11:28:42","modified_gmt":"2022-11-13T10:28:42","slug":"les-gens-de-bilbao-naissent-ou-ils-veulent-maria-larrea-2022","status":"publish","type":"post","link":"https:\/\/redheadwithabrain.ch\/index.php\/2022\/11\/12\/les-gens-de-bilbao-naissent-ou-ils-veulent-maria-larrea-2022\/","title":{"rendered":"Les gens de Bilbao naissent o\u00f9 ils veulent &#8211; Maria Larrea (2022)"},"content":{"rendered":"\n<p class=\"wp-block-paragraph\">Une histoire d&#8217;arbre g\u00e9n\u00e9alogique, du bas de cet arbre, des racines. En Espagne, \u00e0 Bilbao. Celle de Julian d&#8217;abord, le p\u00e8re. \u00c9lev\u00e9 par les j\u00e9suites lorsque sa m\u00e8re l&#8217;y abandonne b\u00e9b\u00e9, lib\u00e9r\u00e9 de toute contrainte, mais avec une grande col\u00e8re lorsqu&#8217;il d\u00e9couvre adolescent que sa m\u00e8re est une prostitu\u00e9e. Puis la m\u00e8re, Victoria, abandonn\u00e9e aussi par sa m\u00e8re dans un couvent de s\u0153urs, mais qui vient la rechercher des ann\u00e9es plus tard pour qu&#8217;elle aide \u00e0 la maison. Julian et Victoria vont se rencontrer un soir, se marier pour \u00e9chapper \u00e0 leurs familles et partir \u00e0 Paris o\u00f9 ils seront concierges ou femme de m\u00e9nage le reste de leur vie. Leur fille Marie grandit \u00e0 Paris, avec ce sentiment de ne pas appartenir, d&#8217;\u00eatre toujours la petite Espagnole de parents peu fortun\u00e9s. Elle fait au mieux pour sortir de cette enfance, devient r\u00e9alisatrice, se marie, a des enfants. Mais un jour, une liseuse de tarots lui dit qu&#8217;elle n&#8217;est pas la fille de ses parents. D&#8217;aveux en recherches pendant quelques ann\u00e9es, elle d\u00e9couvre un r\u00e9seau d&#8217;adoption ill\u00e9gale, de m\u00e9decins qui en profitent, de jeunes filles malencontreusement enceintes et de couples sans enfant. Elle finira par trouver sa m\u00e8re de lait, celle qui l&#8217;a allait\u00e9e quand elle est n\u00e9e, et sa vraie m\u00e8re qui l&#8217;accueille et lui fait conna\u00eetre ses demi-s\u0153urs et d&#8217;autres membres de sa famille g\u00e9n\u00e9tique, mais elle se rend compte aussi que ses parents adoptifs sont ses vrais parents. Tr\u00e8s joliment \u00e9crit, une belle fluidit\u00e9 pour une histoire de vie qui ressemble \u00e0 une fiction. <\/p>\n\n\n\n<p class=\"wp-block-paragraph\"><em>&#8220;J&#8217;ai toujours aim\u00e9 les chiens.<br>Je sais maintenant que je suis comme eux, je suis une chienne.<br>Ma meute m&#8217;a abandonn\u00e9e et l&#8217;on m&#8217;a sevr\u00e9e. J&#8217;ai lap\u00e9 l&#8217;eau fra\u00eeche et mang\u00e9 la p\u00e2t\u00e9e. J&#8217;ai aboy\u00e9 et j&#8217;ai pleur\u00e9 de peur qu&#8217;on me laisse \u00e0 nouveau. J&#8217;ai \u00e9t\u00e9 nerveuse quand mes ma\u00eetres faisaient leurs valises et j&#8217;ai fait la f\u00eate quand ils rentraient \u00e0 la maison. J&#8217;ai couru derri\u00e8re eux et j&#8217;ai saut\u00e9 sur leurs genoux. J&#8217;ai dormi \u00e0 leurs pieds. J&#8217;ai cherch\u00e9 les caresses et les friandises.<br>Voil\u00e0 ce que je suis, un animal bless\u00e9 et tenu en laisse. Je suis docile, je me retiens de mordre pour ne pas que vous me donniez des coups de b\u00e2ton. Je g\u00e9mis dans mes nuits travers\u00e9es de mauvais r\u00eaves, ma langue pendante, vie de perdante, je vous en supplie posez vos mains sur ma t\u00eate et rassurez-moi.<br>Je suis une chienne qui pistait sa meute, je l&#8217;ai finalement retrouv\u00e9e.&#8221;<\/em><\/p>\n","protected":false},"excerpt":{"rendered":"<p>Une histoire d&#8217;arbre g\u00e9n\u00e9alogique, du bas de cet arbre, des racines. En Espagne, \u00e0 Bilbao. Celle de Julian d&#8217;abord, le p\u00e8re. \u00c9lev\u00e9 par les j\u00e9suites lorsque sa m\u00e8re l&#8217;y abandonne b\u00e9b\u00e9, lib\u00e9r\u00e9 de toute contrainte, mais avec une grande col\u00e8re lorsqu&#8217;il d\u00e9couvre adolescent que sa m\u00e8re est une prostitu\u00e9e. Puis la m\u00e8re, Victoria, abandonn\u00e9e aussi [&hellip;]<\/p>\n","protected":false},"author":1,"featured_media":11267,"comment_status":"closed","ping_status":"open","sticky":false,"template":"","format":"standard","meta":{"_jetpack_newsletter_access":"","_jetpack_dont_email_post_to_subs":false,"_jetpack_newsletter_tier_id":0,"_jetpack_memberships_contains_paywalled_content":false,"_jetpack_feature_clip_id":0,"_jetpack_memberships_contains_paid_content":false,"footnotes":"","jetpack_post_was_ever_published":false},"categories":[142,201],"tags":[31,51,19],"class_list":["post-11266","post","type-post","status-publish","format-standard","has-post-thumbnail","hentry","category-books-2022","category-challenge-abc-2022-2023","tag-family","tag-identity","tag-love"],"jetpack_sharing_enabled":true,"jetpack_featured_media_url":"https:\/\/i0.wp.com\/redheadwithabrain.ch\/wp-content\/uploads\/2022\/11\/sergi-ferrete-UrFO_HJIIh4-unsplash-scaled-e1668335248938.jpg?fit=1696%2C1740&ssl=1","_links":{"self":[{"href":"https:\/\/redheadwithabrain.ch\/index.php\/wp-json\/wp\/v2\/posts\/11266","targetHints":{"allow":["GET"]}}],"collection":[{"href":"https:\/\/redheadwithabrain.ch\/index.php\/wp-json\/wp\/v2\/posts"}],"about":[{"href":"https:\/\/redheadwithabrain.ch\/index.php\/wp-json\/wp\/v2\/types\/post"}],"author":[{"embeddable":true,"href":"https:\/\/redheadwithabrain.ch\/index.php\/wp-json\/wp\/v2\/users\/1"}],"replies":[{"embeddable":true,"href":"https:\/\/redheadwithabrain.ch\/index.php\/wp-json\/wp\/v2\/comments?post=11266"}],"version-history":[{"count":5,"href":"https:\/\/redheadwithabrain.ch\/index.php\/wp-json\/wp\/v2\/posts\/11266\/revisions"}],"predecessor-version":[{"id":11272,"href":"https:\/\/redheadwithabrain.ch\/index.php\/wp-json\/wp\/v2\/posts\/11266\/revisions\/11272"}],"wp:featuredmedia":[{"embeddable":true,"href":"https:\/\/redheadwithabrain.ch\/index.php\/wp-json\/wp\/v2\/media\/11267"}],"wp:attachment":[{"href":"https:\/\/redheadwithabrain.ch\/index.php\/wp-json\/wp\/v2\/media?parent=11266"}],"wp:term":[{"taxonomy":"category","embeddable":true,"href":"https:\/\/redheadwithabrain.ch\/index.php\/wp-json\/wp\/v2\/categories?post=11266"},{"taxonomy":"post_tag","embeddable":true,"href":"https:\/\/redheadwithabrain.ch\/index.php\/wp-json\/wp\/v2\/tags?post=11266"}],"curies":[{"name":"wp","href":"https:\/\/api.w.org\/{rel}","templated":true}]}}