{"id":11943,"date":"2023-02-11T21:05:41","date_gmt":"2023-02-11T20:05:41","guid":{"rendered":"https:\/\/redheadwithabrain.ch\/?p=11943"},"modified":"2023-02-11T21:05:41","modified_gmt":"2023-02-11T20:05:41","slug":"enferme-moi-si-tu-peux-anne-caroline-pandolfo-terkel-risbjerg-2019","status":"publish","type":"post","link":"https:\/\/redheadwithabrain.ch\/index.php\/2023\/02\/11\/enferme-moi-si-tu-peux-anne-caroline-pandolfo-terkel-risbjerg-2019\/","title":{"rendered":"Enferme-moi si tu peux &#8211; Anne-Caroline Pandolfo &#038; Terkel Risbjerg (2019)"},"content":{"rendered":"\n<p class=\"wp-block-paragraph\">Six artistes particuliers, diff\u00e9rents, fous, marginaux, pas vraiment inclus dans la soci\u00e9t\u00e9 o\u00f9 ils vivaient&#8230; voir carr\u00e9ment exclus. Certains d&#8217;entre eux litt\u00e9ralement enferm\u00e9s dans des institutions, mais tous enferm\u00e9s dans cette soci\u00e9t\u00e9. Des personnes qui n&#8217;\u00e9taient pas artistes, qui n&#8217;avaient qu&#8217;une \u00e9ducation sommaire, mais qui ont cr\u00e9\u00e9 des \u0153uvres qui formeront ce qu&#8217;on appelle l&#8217;art brut. Cet ouvrage nous parle de six de ces artistes : Augustin Lesage, Madge Gill, le Facteur Cheval, Alo\u00efse, Marjan Gruzewski et Judith Scott. Pour chaque artiste une petite explication de leurs d\u00e9buts, de la r\u00e9v\u00e9lation de leurs dons artistiques souvent de fa\u00e7on inexplicable ou \u00e9sot\u00e9rique. Ces artistes se retrouvent ensemble petit \u00e0 petit au fur et mesure du livre et discutent entre eux de leur folie, de leur normalit\u00e9, de comment ils ont r\u00e9ussi \u00e0 \u00e9chapper \u00e0 ce monde qui les maltraitait. Tr\u00e8s jolie pr\u00e9sentation de cet art et de ses artistes.  <\/p>\n\n\n\n<p class=\"wp-block-paragraph\"><em>&#8220;- L\u00e0 ! Dans la bo\u00eete en os, c&#8217;est la libert\u00e9, mais comme c&#8217;est beaucoup plus dr\u00f4le l\u00e0-dedans, faut pas trop que \u00e7a se sache ! <br>Sinon, il n&#8217;y aurait plus personne dans les rues.&#8221;<\/em><\/p>\n\n\n<div class=\"wp-block-image\">\n<figure class=\"aligncenter size-large is-resized\"><img data-recalc-dims=\"1\" loading=\"lazy\" decoding=\"async\" src=\"https:\/\/i0.wp.com\/redheadwithabrain.ch\/wp-content\/uploads\/2023\/01\/20230107_114945_2.jpg?resize=842%2C1140&#038;ssl=1\" alt=\"\" class=\"wp-image-11945\" width=\"842\" height=\"1140\" srcset=\"https:\/\/i0.wp.com\/redheadwithabrain.ch\/wp-content\/uploads\/2023\/01\/20230107_114945_2-scaled.jpg?resize=756%2C1024&amp;ssl=1 756w, https:\/\/i0.wp.com\/redheadwithabrain.ch\/wp-content\/uploads\/2023\/01\/20230107_114945_2-scaled.jpg?resize=222%2C300&amp;ssl=1 222w, https:\/\/i0.wp.com\/redheadwithabrain.ch\/wp-content\/uploads\/2023\/01\/20230107_114945_2-scaled.jpg?resize=768%2C1040&amp;ssl=1 768w, https:\/\/i0.wp.com\/redheadwithabrain.ch\/wp-content\/uploads\/2023\/01\/20230107_114945_2-scaled.jpg?resize=1135%2C1536&amp;ssl=1 1135w, https:\/\/i0.wp.com\/redheadwithabrain.ch\/wp-content\/uploads\/2023\/01\/20230107_114945_2-scaled.jpg?resize=1513%2C2048&amp;ssl=1 1513w, https:\/\/i0.wp.com\/redheadwithabrain.ch\/wp-content\/uploads\/2023\/01\/20230107_114945_2-scaled.jpg?w=1891&amp;ssl=1 1891w\" sizes=\"auto, (max-width: 842px) 100vw, 842px\" \/><\/figure>\n<\/div>","protected":false},"excerpt":{"rendered":"<p>Six artistes particuliers, diff\u00e9rents, fous, marginaux, pas vraiment inclus dans la soci\u00e9t\u00e9 o\u00f9 ils vivaient&#8230; voir carr\u00e9ment exclus. Certains d&#8217;entre eux litt\u00e9ralement enferm\u00e9s dans des institutions, mais tous enferm\u00e9s dans cette soci\u00e9t\u00e9. Des personnes qui n&#8217;\u00e9taient pas artistes, qui n&#8217;avaient qu&#8217;une \u00e9ducation sommaire, mais qui ont cr\u00e9\u00e9 des \u0153uvres qui formeront ce qu&#8217;on appelle l&#8217;art [&hellip;]<\/p>\n","protected":false},"author":1,"featured_media":11948,"comment_status":"closed","ping_status":"open","sticky":false,"template":"","format":"standard","meta":{"_jetpack_newsletter_access":"","_jetpack_dont_email_post_to_subs":false,"_jetpack_newsletter_tier_id":0,"_jetpack_memberships_contains_paywalled_content":false,"_jetpack_feature_clip_id":0,"_jetpack_memberships_contains_paid_content":false,"footnotes":"","jetpack_post_was_ever_published":false},"categories":[213,216],"tags":[111,67,64],"class_list":["post-11943","post","type-post","status-publish","format-standard","has-post-thumbnail","hentry","category-chaellenge-riquiqui-2023","category-graphic-2023","tag-abuse","tag-creativity","tag-madness"],"jetpack_sharing_enabled":true,"jetpack_featured_media_url":"https:\/\/i0.wp.com\/redheadwithabrain.ch\/wp-content\/uploads\/2023\/01\/george-girnas-6RTn6HZD-RI-unsplash-1-scaled.jpg?fit=2560%2C1920&ssl=1","_links":{"self":[{"href":"https:\/\/redheadwithabrain.ch\/index.php\/wp-json\/wp\/v2\/posts\/11943","targetHints":{"allow":["GET"]}}],"collection":[{"href":"https:\/\/redheadwithabrain.ch\/index.php\/wp-json\/wp\/v2\/posts"}],"about":[{"href":"https:\/\/redheadwithabrain.ch\/index.php\/wp-json\/wp\/v2\/types\/post"}],"author":[{"embeddable":true,"href":"https:\/\/redheadwithabrain.ch\/index.php\/wp-json\/wp\/v2\/users\/1"}],"replies":[{"embeddable":true,"href":"https:\/\/redheadwithabrain.ch\/index.php\/wp-json\/wp\/v2\/comments?post=11943"}],"version-history":[{"count":3,"href":"https:\/\/redheadwithabrain.ch\/index.php\/wp-json\/wp\/v2\/posts\/11943\/revisions"}],"predecessor-version":[{"id":11949,"href":"https:\/\/redheadwithabrain.ch\/index.php\/wp-json\/wp\/v2\/posts\/11943\/revisions\/11949"}],"wp:featuredmedia":[{"embeddable":true,"href":"https:\/\/redheadwithabrain.ch\/index.php\/wp-json\/wp\/v2\/media\/11948"}],"wp:attachment":[{"href":"https:\/\/redheadwithabrain.ch\/index.php\/wp-json\/wp\/v2\/media?parent=11943"}],"wp:term":[{"taxonomy":"category","embeddable":true,"href":"https:\/\/redheadwithabrain.ch\/index.php\/wp-json\/wp\/v2\/categories?post=11943"},{"taxonomy":"post_tag","embeddable":true,"href":"https:\/\/redheadwithabrain.ch\/index.php\/wp-json\/wp\/v2\/tags?post=11943"}],"curies":[{"name":"wp","href":"https:\/\/api.w.org\/{rel}","templated":true}]}}