{"id":12001,"date":"2023-01-14T22:52:10","date_gmt":"2023-01-14T21:52:10","guid":{"rendered":"https:\/\/redheadwithabrain.ch\/?p=12001"},"modified":"2023-01-25T17:32:48","modified_gmt":"2023-01-25T16:32:48","slug":"lenfant-qui-jeanne-benameur","status":"publish","type":"post","link":"https:\/\/redheadwithabrain.ch\/index.php\/2023\/01\/14\/lenfant-qui-jeanne-benameur\/","title":{"rendered":"L&#8217;enfant qui &#8211; Jeanne Benameur (2017)"},"content":{"rendered":"\n<p class=\"wp-block-paragraph\">Trois \u00eatre perdus, un mari, un enfant, une grand-m\u00e8re. Sans attache suite \u00e0 la disparition ? la mort ? de la m\u00e8re. Ceux qui restent ne sont pas ou plus une famille. Ils essayent de se retrouver dans cet abandon, dans cette solitude, chacun de leur c\u00f4t\u00e9. L&#8217;enfant se perd dans la for\u00eat avec un chien que personne d&#8217;autre ne voit, le p\u00e8re est en col\u00e8re, passe son temps au bistrot et la grand-m\u00e8re continue sa vie, mais la remet aussi en question. Et si elle aussi s&#8217;en \u00e9tait all\u00e9e. Une histoire quelque part entre le r\u00eave et la r\u00e9alit\u00e9, \u00e0 la recherche d&#8217;une identit\u00e9 \u00e0 cr\u00e9er lorsque les rep\u00e8res disparaissent. Tr\u00e8s doux. <\/p>\n\n\n\n<p class=\"wp-block-paragraph\"><em>&#8220;Elle respire l\u2019odeur fra\u00eeche du linge pas encore tout \u00e0 fait sec, bon pour le repassage. Elle le serre un peu plus fort contre sa poitrine. L\u2019odeur du tissu rejoint le frais au creux de son cou, rejoint le voyage des nuages au-dessus d\u2019elle. Maintenant ils ont d\u00e9pass\u00e9 le toit de la maison. Ils partent plus loin. Elle se dit qu\u2019elle aussi, un jour.&#8221;<\/em><\/p>\n","protected":false},"excerpt":{"rendered":"<p>Trois \u00eatre perdus, un mari, un enfant, une grand-m\u00e8re. Sans attache suite \u00e0 la disparition ? la mort ? de la m\u00e8re. Ceux qui restent ne sont pas ou plus une famille. Ils essayent de se retrouver dans cet abandon, dans cette solitude, chacun de leur c\u00f4t\u00e9. L&#8217;enfant se perd dans la for\u00eat avec un [&hellip;]<\/p>\n","protected":false},"author":1,"featured_media":12003,"comment_status":"closed","ping_status":"open","sticky":false,"template":"","format":"standard","meta":{"_jetpack_newsletter_access":"","_jetpack_dont_email_post_to_subs":false,"_jetpack_newsletter_tier_id":0,"_jetpack_memberships_contains_paywalled_content":false,"_jetpack_feature_clip_id":0,"_jetpack_memberships_contains_paid_content":false,"footnotes":"","jetpack_post_was_ever_published":false},"categories":[214,213,210],"tags":[42,124,45],"class_list":["post-12001","post","type-post","status-publish","format-standard","has-post-thumbnail","hentry","category-books-2023","category-chaellenge-riquiqui-2023","category-challenge-solidaire-2023","tag-childhood","tag-loss","tag-mothers"],"jetpack_sharing_enabled":true,"jetpack_featured_media_url":"https:\/\/i0.wp.com\/redheadwithabrain.ch\/wp-content\/uploads\/2023\/01\/lukasz-szmigiel-jFCViYFYcus-unsplash.jpg?fit=2560%2C1705&ssl=1","_links":{"self":[{"href":"https:\/\/redheadwithabrain.ch\/index.php\/wp-json\/wp\/v2\/posts\/12001","targetHints":{"allow":["GET"]}}],"collection":[{"href":"https:\/\/redheadwithabrain.ch\/index.php\/wp-json\/wp\/v2\/posts"}],"about":[{"href":"https:\/\/redheadwithabrain.ch\/index.php\/wp-json\/wp\/v2\/types\/post"}],"author":[{"embeddable":true,"href":"https:\/\/redheadwithabrain.ch\/index.php\/wp-json\/wp\/v2\/users\/1"}],"replies":[{"embeddable":true,"href":"https:\/\/redheadwithabrain.ch\/index.php\/wp-json\/wp\/v2\/comments?post=12001"}],"version-history":[{"count":3,"href":"https:\/\/redheadwithabrain.ch\/index.php\/wp-json\/wp\/v2\/posts\/12001\/revisions"}],"predecessor-version":[{"id":12020,"href":"https:\/\/redheadwithabrain.ch\/index.php\/wp-json\/wp\/v2\/posts\/12001\/revisions\/12020"}],"wp:featuredmedia":[{"embeddable":true,"href":"https:\/\/redheadwithabrain.ch\/index.php\/wp-json\/wp\/v2\/media\/12003"}],"wp:attachment":[{"href":"https:\/\/redheadwithabrain.ch\/index.php\/wp-json\/wp\/v2\/media?parent=12001"}],"wp:term":[{"taxonomy":"category","embeddable":true,"href":"https:\/\/redheadwithabrain.ch\/index.php\/wp-json\/wp\/v2\/categories?post=12001"},{"taxonomy":"post_tag","embeddable":true,"href":"https:\/\/redheadwithabrain.ch\/index.php\/wp-json\/wp\/v2\/tags?post=12001"}],"curies":[{"name":"wp","href":"https:\/\/api.w.org\/{rel}","templated":true}]}}