{"id":12008,"date":"2023-01-16T16:15:58","date_gmt":"2023-01-16T15:15:58","guid":{"rendered":"https:\/\/redheadwithabrain.ch\/?p=12008"},"modified":"2023-01-16T16:15:58","modified_gmt":"2023-01-16T15:15:58","slug":"six-pieds-sur-terre-sixieme-serie-lappel-de-la-foret-courrier-international-afd-2022","status":"publish","type":"post","link":"https:\/\/redheadwithabrain.ch\/index.php\/2023\/01\/16\/six-pieds-sur-terre-sixieme-serie-lappel-de-la-foret-courrier-international-afd-2022\/","title":{"rendered":"Six pieds sur Terre \u2013 Sixi\u00e8me s\u00e9rie : L&#8217;appel de la for\u00eat \u2013 Courrier international &#038; AFD (2022)"},"content":{"rendered":"\n<p class=\"wp-block-paragraph\">Un grand message de ce podcast : laisser faire la nature. Le cycle des for\u00eats se fait tout seul, m\u00eame lorsque des nuisibles s&#8217;y attaquent. L&#8217;intervention humaine a juste d\u00e9forest\u00e9 pour exploiter le bois, puis les terres et reforester, ce n&#8217;est pas la m\u00eame chose. Comment on peut prot\u00e9ger des for\u00eats en certifiant la production de bois ou en r\u00e9ussissant \u00e0 les faire inscrire au patrimoine mondial de l&#8217;Unesco. Et surtout \u00e9couter l&#8217;appel de la foret avec laquelle nous devrions \u00eatre plus connect\u00e9s. Int\u00e9ressant, mais c&#8217;est la premi\u00e8re fois qu&#8217;il me semble que le timbre des voix n&#8217;est pas de la plus optimale sonorit\u00e9 et rend l&#8217;\u00e9coute parfois difficile.<\/p>\n\n\n\n<p class=\"wp-block-paragraph\"><em>&#8220;Les arbres peuvent vivre des centaines voir des milliers d&#8217;ann\u00e9es. Le plus vieil arbre du monde s&#8217;appelle Pando. C&#8217;est un fait un organisme unique, une colonie de peupliers faux-trembles, situ\u00e9e dans l&#8217;Utah aux \u00c9tats-Unis. Elle est compos\u00e9e enti\u00e8rement de clones, reli\u00e9s par un seul syst\u00e8me racinaire. Son \u00e2ge ? 80&#8217;000 ans. Elle occupe 43 hectares.&#8221;<\/em><\/p>\n\n\n\n<p class=\"wp-block-paragraph\" style=\"font-size:15px\"><strong><mark style=\"background-color:rgba(0, 0, 0, 0)\" class=\"has-inline-color has-colibri-color-4-color\">Cinq \u00e9pisodes d&#8217;environ 15 minutes chacun<\/mark><\/strong><\/p>\n\n\n\n<p class=\"wp-block-paragraph\" style=\"font-size:15px\">\u00c9pisode 1. L\u2019appel de la for\u00eat, avec Ernst Z\u00fcrcher<br>\u00c9pisode 2. Comment prot\u00e9ger les for\u00eats de Nouvelle-Cal\u00e9donie, avec Emma Do Khac<br>\u00c9pisode 3. Certifier les for\u00eats du bassin du Congo pour mieux les prot\u00e9ger, avec George Akwah<br>\u00c9pisode 4. Comment reforester l\u2019Amazonie br\u00e9silienne, avec Marie-Gabrielle Piketty<br>\u00c9pisode 5. S&#8217;enforester \u00e0 Bialowieza, avec Andr\u00e9a Olga Mantovani<\/p>\n","protected":false},"excerpt":{"rendered":"<p>Un grand message de ce podcast : laisser faire la nature. Le cycle des for\u00eats se fait tout seul, m\u00eame lorsque des nuisibles s&#8217;y attaquent. L&#8217;intervention humaine a juste d\u00e9forest\u00e9 pour exploiter le bois, puis les terres et reforester, ce n&#8217;est pas la m\u00eame chose. Comment on peut prot\u00e9ger des for\u00eats en certifiant la production [&hellip;]<\/p>\n","protected":false},"author":1,"featured_media":12009,"comment_status":"closed","ping_status":"open","sticky":false,"template":"","format":"standard","meta":{"_jetpack_newsletter_access":"","_jetpack_dont_email_post_to_subs":false,"_jetpack_newsletter_tier_id":0,"_jetpack_memberships_contains_paywalled_content":false,"_jetpack_feature_clip_id":0,"_jetpack_memberships_contains_paid_content":false,"footnotes":"","jetpack_post_was_ever_published":false},"categories":[76],"tags":[74,28,29],"class_list":["post-12008","post","type-post","status-publish","format-standard","has-post-thumbnail","hentry","category-podcasts","tag-environment","tag-nature","tag-trees"],"jetpack_sharing_enabled":true,"jetpack_featured_media_url":"https:\/\/i0.wp.com\/redheadwithabrain.ch\/wp-content\/uploads\/2023\/01\/mike-blank-JWa5jZ1LkJY-unsplash-scaled-e1673882193629.jpg?fit=1707%2C2092&ssl=1","_links":{"self":[{"href":"https:\/\/redheadwithabrain.ch\/index.php\/wp-json\/wp\/v2\/posts\/12008","targetHints":{"allow":["GET"]}}],"collection":[{"href":"https:\/\/redheadwithabrain.ch\/index.php\/wp-json\/wp\/v2\/posts"}],"about":[{"href":"https:\/\/redheadwithabrain.ch\/index.php\/wp-json\/wp\/v2\/types\/post"}],"author":[{"embeddable":true,"href":"https:\/\/redheadwithabrain.ch\/index.php\/wp-json\/wp\/v2\/users\/1"}],"replies":[{"embeddable":true,"href":"https:\/\/redheadwithabrain.ch\/index.php\/wp-json\/wp\/v2\/comments?post=12008"}],"version-history":[{"count":3,"href":"https:\/\/redheadwithabrain.ch\/index.php\/wp-json\/wp\/v2\/posts\/12008\/revisions"}],"predecessor-version":[{"id":12017,"href":"https:\/\/redheadwithabrain.ch\/index.php\/wp-json\/wp\/v2\/posts\/12008\/revisions\/12017"}],"wp:featuredmedia":[{"embeddable":true,"href":"https:\/\/redheadwithabrain.ch\/index.php\/wp-json\/wp\/v2\/media\/12009"}],"wp:attachment":[{"href":"https:\/\/redheadwithabrain.ch\/index.php\/wp-json\/wp\/v2\/media?parent=12008"}],"wp:term":[{"taxonomy":"category","embeddable":true,"href":"https:\/\/redheadwithabrain.ch\/index.php\/wp-json\/wp\/v2\/categories?post=12008"},{"taxonomy":"post_tag","embeddable":true,"href":"https:\/\/redheadwithabrain.ch\/index.php\/wp-json\/wp\/v2\/tags?post=12008"}],"curies":[{"name":"wp","href":"https:\/\/api.w.org\/{rel}","templated":true}]}}