{"id":12130,"date":"2023-02-04T13:59:51","date_gmt":"2023-02-04T12:59:51","guid":{"rendered":"https:\/\/redheadwithabrain.ch\/?p=12130"},"modified":"2023-02-08T14:09:16","modified_gmt":"2023-02-08T13:09:16","slug":"la-moustache-emmanuel-carrere-1986","status":"publish","type":"post","link":"https:\/\/redheadwithabrain.ch\/index.php\/2023\/02\/04\/la-moustache-emmanuel-carrere-1986\/","title":{"rendered":"La moustache &#8211; Emmanuel Carr\u00e8re (1986)"},"content":{"rendered":"\n<p class=\"wp-block-paragraph\">Un beau jour, un homme se rase la moustache qu&#8217;il porte depuis des ann\u00e9es. Mais sa femme ne r\u00e9agit pas, ses amis et son chef non plus. Quand, agac\u00e9, il la confronte, elle lui dit qu&#8217;il n&#8217;a jamais eu de moustache.  Il d\u00e9ment, cherche \u00e0 lui prouver le contraire, se dit qu&#8217;elle est devenue folle, puis se dit que c&#8217;est lui qui est fou. Et il s&#8217;\u00e9vade, de Paris, d&#8217;Europe puis finalement de la vie. Un petit roman loufoque, mais qui interroge sur le per\u00e7u individuel de la normalit\u00e9, des souvenirs, de la v\u00e9rit\u00e9, avec une fin qui m&#8217;a prise au d\u00e9pourvu.<\/p>\n\n\n\n<p class=\"wp-block-paragraph\"><em>&#8220;Mais qu&#8217;est-ce qu&#8217;il \u00e9tait au juste ? Psychiatre, psychanalyste, psychoth\u00e9rapeute\u202f? Sachant que les psychanalystes n&#8217;\u00e9taient pas forc\u00e9ment m\u00e9decins, il esp\u00e9rait que Sylvain Kalenka serait un psychiatre : dans un cas comme le sien, il ne fallait pas tomber sur un type qui pr\u00e9tendrait le faire parler, raconter son enfance pendant deux ans, tout en hochant la t\u00eate et en faisant mine de trouver \u00e7a int\u00e9ressant, mais sur un partisan de cures plus muscl\u00e9es, un fonceur efficace, dipl\u00f4m\u00e9, qui dirait au bout d&#8217;un quart d&#8217;heure, sans h\u00e9sitation : voil\u00e0, c&#8217;est \u00e7a, votre maladie porte tel nom, se soigne avec tel m\u00e9dicament, je connais, vous n&#8217;\u00eates pas le premier. Les mots rassurants d&#8217;amn\u00e9sie partielle ou passag\u00e8re, de d\u00e9pression nerveuse, de d\u00e9calcification, dansaient dans sa t\u00eate o\u00f9 r\u00e9sonnait toujours le &#8220;grand ponte&#8221; respectueux de son p\u00e8re.&#8221;<\/em><\/p>\n","protected":false},"excerpt":{"rendered":"<p>Un beau jour, un homme se rase la moustache qu&#8217;il porte depuis des ann\u00e9es. Mais sa femme ne r\u00e9agit pas, ses amis et son chef non plus. Quand, agac\u00e9, il la confronte, elle lui dit qu&#8217;il n&#8217;a jamais eu de moustache. Il d\u00e9ment, cherche \u00e0 lui prouver le contraire, se dit qu&#8217;elle est devenue folle, [&hellip;]<\/p>\n","protected":false},"author":1,"featured_media":12145,"comment_status":"closed","ping_status":"open","sticky":false,"template":"","format":"standard","meta":{"_jetpack_newsletter_access":"","_jetpack_dont_email_post_to_subs":false,"_jetpack_newsletter_tier_id":0,"_jetpack_memberships_contains_paywalled_content":false,"_jetpack_feature_clip_id":0,"_jetpack_memberships_contains_paid_content":false,"footnotes":"","jetpack_post_was_ever_published":false},"categories":[214,213,210],"tags":[64,65,192],"class_list":["post-12130","post","type-post","status-publish","format-standard","has-post-thumbnail","hentry","category-books-2023","category-chaellenge-riquiqui-2023","category-challenge-solidaire-2023","tag-madness","tag-sadness","tag-trust"],"jetpack_sharing_enabled":true,"jetpack_featured_media_url":"https:\/\/i0.wp.com\/redheadwithabrain.ch\/wp-content\/uploads\/2023\/02\/pablo-de-la-fuente-HPlUefbIJqA-unsplash-scaled.jpg?fit=1707%2C2560&ssl=1","_links":{"self":[{"href":"https:\/\/redheadwithabrain.ch\/index.php\/wp-json\/wp\/v2\/posts\/12130","targetHints":{"allow":["GET"]}}],"collection":[{"href":"https:\/\/redheadwithabrain.ch\/index.php\/wp-json\/wp\/v2\/posts"}],"about":[{"href":"https:\/\/redheadwithabrain.ch\/index.php\/wp-json\/wp\/v2\/types\/post"}],"author":[{"embeddable":true,"href":"https:\/\/redheadwithabrain.ch\/index.php\/wp-json\/wp\/v2\/users\/1"}],"replies":[{"embeddable":true,"href":"https:\/\/redheadwithabrain.ch\/index.php\/wp-json\/wp\/v2\/comments?post=12130"}],"version-history":[{"count":4,"href":"https:\/\/redheadwithabrain.ch\/index.php\/wp-json\/wp\/v2\/posts\/12130\/revisions"}],"predecessor-version":[{"id":12163,"href":"https:\/\/redheadwithabrain.ch\/index.php\/wp-json\/wp\/v2\/posts\/12130\/revisions\/12163"}],"wp:featuredmedia":[{"embeddable":true,"href":"https:\/\/redheadwithabrain.ch\/index.php\/wp-json\/wp\/v2\/media\/12145"}],"wp:attachment":[{"href":"https:\/\/redheadwithabrain.ch\/index.php\/wp-json\/wp\/v2\/media?parent=12130"}],"wp:term":[{"taxonomy":"category","embeddable":true,"href":"https:\/\/redheadwithabrain.ch\/index.php\/wp-json\/wp\/v2\/categories?post=12130"},{"taxonomy":"post_tag","embeddable":true,"href":"https:\/\/redheadwithabrain.ch\/index.php\/wp-json\/wp\/v2\/tags?post=12130"}],"curies":[{"name":"wp","href":"https:\/\/api.w.org\/{rel}","templated":true}]}}