{"id":12134,"date":"2023-02-02T19:31:45","date_gmt":"2023-02-02T18:31:45","guid":{"rendered":"https:\/\/redheadwithabrain.ch\/?p=12134"},"modified":"2026-01-18T17:59:30","modified_gmt":"2026-01-18T16:59:30","slug":"parsifal-richard-wagner-1882","status":"publish","type":"post","link":"https:\/\/redheadwithabrain.ch\/index.php\/2023\/02\/02\/parsifal-richard-wagner-1882\/","title":{"rendered":"Parsifal &#8211; Richard Wagner (1882)"},"content":{"rendered":"\n<p class=\"wp-block-paragraph\">L&#8217;intrigue se passe entre le ch\u00e2teau de Montsalvat, o\u00f9 r\u00e9sident les gardiens du Graal, et le ch\u00e2teau o\u00f9 r\u00e8gne Klingsor, qui aurait aim\u00e9 devenir chevalier du Graal, mais n&#8217;a jamais r\u00e9ussi \u00e0 rester chaste. Il en garde une haine et s\u00e9duit, gr\u00e2ce \u00e0 Kundry, les chevaliers du Graal qui s&#8217;approchent de son ch\u00e2teau. Amfortas, fils de Titurel, roi de Montsalvat, part pour vaincre Klingsor, mais se fait s\u00e9duire puis blesser par la lance du Graal, celle qui a caus\u00e9 la plaie du Christ, plaie qui ne pourra donc \u00eatre referm\u00e9e que par la m\u00eame lance que d\u00e9tient maintenant Klingsor. \u00c7a, c&#8217;est avant m\u00eame que l&#8217;op\u00e9ra ne commence. Apparait ensuite Parsifal, un c\u0153ur pur et un peu brut. Pour faire court, il ira chez Klingsor, saura r\u00e9sister \u00e0 Kundry et ram\u00e8nera la lance qui gu\u00e9rira Amfortas. Parsifal est un des plus longs op\u00e9ras existants, pouvant durer entre 3h39 et 4h48. Ce soir au Grand Th\u00e9\u00e2tre, c&#8217;est une version de 4 heures qui a \u00e9t\u00e9 jou\u00e9e. Et c&#8217;est pass\u00e9 comme un \u00e9clair, la musique est bien plus l\u00e9g\u00e8re que celle de l&#8217;Anneau du Nibelung, la mise en sc\u00e8ne assez simple met en valeur les acteurs et les chants sont tr\u00e8s \u00e9mouvants. Un plaisir assez inattendu.<\/p>\n\n\n\n<p class=\"has-text-align-center wp-block-paragraph\"><em>&#8220;Des Weihgef\u00e4sses g\u00f6ttlicher Gehalt<\/em><em><br>ergl\u00fcht mit leuchtender Gewalt;<br>durchz\u00fcckt von seligsten Genusses Schmerz,<br>des heiligsten Blutes Quell<br>f\u00fchl&#8217; ich sie giessen in mein Herz;<br>des eignen s\u00fcndigen Blutes Gewell,<br>in wahnsinniger Flucht<br>muss mir zur\u00fcck dann fliessen,<br>in die Welt der S\u00fcndensucht<br>mit wilder Scheu sich ergiessen;<br>von neuem springt es das Tor,<br>daraus es nun str\u00f6mt hervor,<br>hier durch die Wunde, der seinem gleich,<br>geschlagen von desselben Speeres Streich,<br>der dort dem Erl\u00f6ser die Wunde stach,<br>aus der mit blut&#8217;gen Tr\u00e4nen<br>der G\u00f6ttliche weint&#8217; ob der Menschheit Schmach,<br>in Mitleids heiligem Sehnen<br>und aus der nun mir, an heiligster Stelle,<br>dem Pfleger g\u00f6ttlichster G\u00fcter,<br>des Erl\u00f6sungsbalsams H\u00fcter,<br>das heisse S\u00fcndenblut entquillt,<br>ewig erneut aus des Sehnens Quelle,<br>das, ach! keine B\u00fcssung je mir stillt!<br>Erbarmen! Erbarmen!<br>Du Allerbarmer! Ach, Erbarmen!<br>Nimm mir mein Erbe,<br>schliesse die Wunde,<br>dass heilig ich sterbe,<br>rein Dir gesunde!&#8221;<\/em><\/p>\n\n\n\n<p class=\"has-text-align-center wp-block-paragraph\">&#8220;<em>Le contenu divin de la coupe sacr\u00e9e<br>s\u2019illumine, brillant avec puissance ;<br>transperc\u00e9 par la douleur d\u2019une joie bienheureuse,<br>je sens s\u2019\u00e9couler en mon c\u0153ur<br>la source du sang le plus saint.<br>Les vagues de mon sang inique<br>en une fuite \u00e9perdue<br>doivent alors refluer,<br>se r\u00e9pandre avec crainte et furie,<br>sur le monde avide de p\u00e9ch\u00e9 ;<br>voici qu\u2019\u00e0 nouveau, il force la porte,<br>il en jaillit maintenant<br>ici, par cette plaie, \u00e0 la sienne semblable,<br>ouverte d\u2019un coup de la m\u00eame lance,<br>qui transper\u00e7a, l\u00e0-bas, le flanc du R\u00e9dempteur ;<br>par cette plaie, le Sauveur divin versa<br>des larmes de sang sur l\u2019iniquit\u00e9 humaine,<br>mu par une sainte piti\u00e9<br>et par elle, en ce lieu tr\u00e8s saint,<br>moi, le gardien des biens divins,<br>charg\u00e9 de veiller sur le baume r\u00e9dempteur,<br>je verse le sang br\u00fblant des p\u00e9ch\u00e9s,<br>qui se renouvelle \u00e9ternellement \u00e0 la source d\u2019un d\u00e9sir,<br>qu\u2019aucune p\u00e9nitence, h\u00e9las, n\u2019apaise !<br>Piti\u00e9, piti\u00e9 !<br>Dieu de toute mis\u00e9ricorde, ah, piti\u00e9 !<br>Prends-moi mon h\u00e9ritage,<br>referme la plaie,<br>que je meure saintement,<br>que pur, je gu\u00e9risse pour Toi !&#8221;<\/em><\/p>\n\n\n\n<p class=\"wp-block-paragraph\" style=\"font-size:15px\"><strong><mark style=\"background-color:rgba(0, 0, 0, 0)\" class=\"has-inline-color has-colibri-color-4-color\">Cr\u00e9\u00e9 en 1882 au Festival de Bayreuth<br>Derni\u00e8re fois au Grand Th\u00e9\u00e2tre de Gen\u00e8ve en 2009-2010<\/mark><\/strong><\/p>\n","protected":false},"excerpt":{"rendered":"<p>L&#8217;intrigue se passe entre le ch\u00e2teau de Montsalvat, o\u00f9 r\u00e9sident les gardiens du Graal, et le ch\u00e2teau o\u00f9 r\u00e8gne Klingsor, qui aurait aim\u00e9 devenir chevalier du Graal, mais n&#8217;a jamais r\u00e9ussi \u00e0 rester chaste. Il en garde une haine et s\u00e9duit, gr\u00e2ce \u00e0 Kundry, les chevaliers du Graal qui s&#8217;approchent de son ch\u00e2teau. Amfortas, fils [&hellip;]<\/p>\n","protected":false},"author":1,"featured_media":12147,"comment_status":"closed","ping_status":"open","sticky":false,"template":"","format":"standard","meta":{"_jetpack_newsletter_access":"","_jetpack_dont_email_post_to_subs":false,"_jetpack_newsletter_tier_id":0,"_jetpack_memberships_contains_paywalled_content":false,"_jetpack_feature_clip_id":0,"_jetpack_memberships_contains_paid_content":false,"footnotes":"","jetpack_post_was_ever_published":false},"categories":[5],"tags":[59,109,107],"class_list":["post-12134","post","type-post","status-publish","format-standard","has-post-thumbnail","hentry","category-operas","tag-crime","tag-pain","tag-religion"],"jetpack_sharing_enabled":true,"jetpack_featured_media_url":"https:\/\/i0.wp.com\/redheadwithabrain.ch\/wp-content\/uploads\/2023\/02\/yoksel-zok-mTdBkclloG8-unsplash-scaled.jpg?fit=1709%2C2560&ssl=1","_links":{"self":[{"href":"https:\/\/redheadwithabrain.ch\/index.php\/wp-json\/wp\/v2\/posts\/12134","targetHints":{"allow":["GET"]}}],"collection":[{"href":"https:\/\/redheadwithabrain.ch\/index.php\/wp-json\/wp\/v2\/posts"}],"about":[{"href":"https:\/\/redheadwithabrain.ch\/index.php\/wp-json\/wp\/v2\/types\/post"}],"author":[{"embeddable":true,"href":"https:\/\/redheadwithabrain.ch\/index.php\/wp-json\/wp\/v2\/users\/1"}],"replies":[{"embeddable":true,"href":"https:\/\/redheadwithabrain.ch\/index.php\/wp-json\/wp\/v2\/comments?post=12134"}],"version-history":[{"count":7,"href":"https:\/\/redheadwithabrain.ch\/index.php\/wp-json\/wp\/v2\/posts\/12134\/revisions"}],"predecessor-version":[{"id":20044,"href":"https:\/\/redheadwithabrain.ch\/index.php\/wp-json\/wp\/v2\/posts\/12134\/revisions\/20044"}],"wp:featuredmedia":[{"embeddable":true,"href":"https:\/\/redheadwithabrain.ch\/index.php\/wp-json\/wp\/v2\/media\/12147"}],"wp:attachment":[{"href":"https:\/\/redheadwithabrain.ch\/index.php\/wp-json\/wp\/v2\/media?parent=12134"}],"wp:term":[{"taxonomy":"category","embeddable":true,"href":"https:\/\/redheadwithabrain.ch\/index.php\/wp-json\/wp\/v2\/categories?post=12134"},{"taxonomy":"post_tag","embeddable":true,"href":"https:\/\/redheadwithabrain.ch\/index.php\/wp-json\/wp\/v2\/tags?post=12134"}],"curies":[{"name":"wp","href":"https:\/\/api.w.org\/{rel}","templated":true}]}}