{"id":12159,"date":"2023-02-08T17:52:06","date_gmt":"2023-02-08T16:52:06","guid":{"rendered":"https:\/\/redheadwithabrain.ch\/?p=12159"},"modified":"2024-03-03T18:57:06","modified_gmt":"2024-03-03T17:57:06","slug":"histoire-dun-escargot-qui-decouvrit-limportance-de-la-lenteur-luis-sepulveda-2014","status":"publish","type":"post","link":"https:\/\/redheadwithabrain.ch\/index.php\/2023\/02\/08\/histoire-dun-escargot-qui-decouvrit-limportance-de-la-lenteur-luis-sepulveda-2014\/","title":{"rendered":"Histoire d&#8217;un escargot qui d\u00e9couvrit l&#8217;importance de la lenteur &#8211; Luis Sepulveda (2014)"},"content":{"rendered":"\n<p class=\"wp-block-paragraph\">C&#8217;est donc l&#8217;histoire d&#8217;un petit escargot curieux qui veut savoir pourquoi il n&#8217;a pas de nom et est si lent. Il va de ce fait partir \u00e0 l&#8217;aventure tout en lenteur et revenir aupr\u00e8s des siens avec un nom, Rebelle, et une information, le pr\u00e9 o\u00f9 ils logent va \u00eatre b\u00e9tonn\u00e9. Il a acquis tout ce savoir gr\u00e2ce \u00e0 sa lenteur qui lui a permis de rencontrer un hibou, une tortue et des fourmis, qu&#8217;il aurait loup\u00e9 s&#8217;il avait \u00e9t\u00e9 rapide. Il va pouvoir mener tous les siens \u00e0 travers la route et jusqu&#8217;\u00e0 un jardin d&#8217;\u00eatre humains o\u00f9 ils seront \u00e0 jamais tranquilles. Un mignon petit conte destin\u00e9 au petit-fils de Luis Sepulveda.<\/p>\n\n\n\n<p class=\"wp-block-paragraph\"><em>&#8220;Ils savaient qu&#8217;ils \u00e9taient lents et silencieux, tr\u00e8s lents et tr\u00e8s silencieux, ils savaient aussi que cette lenteur et ce silence les rendaient vuln\u00e9rables, beaucoup plus vuln\u00e9rables que d&#8217;autres animaux capables de bouger avec rapidit\u00e9 et de pousser des cris d&#8217;alarme. Pour ne pas avoir peur de la lenteur et du silence, ils pr\u00e9f\u00e9raient ne pas en parler et acceptaient d&#8217;\u00eatre comme ils \u00e9taient avec une r\u00e9signation lente et silencieuse.&#8221;<\/em><\/p>\n\n\n\n<p class=\"wp-block-paragraph\" style=\"font-size:15px\"><strong><mark style=\"background-color:rgba(0, 0, 0, 0)\" class=\"has-inline-color has-colibri-color-4-color\">Titre orginal : Historia de un caracol que descubri\u00f3 la importancia de la lentitud<br>Traduit de l&#8217;espagnol<\/mark><\/strong><\/p>\n\n\n\n<p class=\"wp-block-paragraph\" style=\"font-size:15px\"><strong><mark style=\"background-color:rgba(0, 0, 0, 0)\" class=\"has-inline-color has-colibri-color-4-color\">\u00c9cout\u00e9 en livre audio<\/mark><\/strong><\/p>\n","protected":false},"excerpt":{"rendered":"<p>C&#8217;est donc l&#8217;histoire d&#8217;un petit escargot curieux qui veut savoir pourquoi il n&#8217;a pas de nom et est si lent. Il va de ce fait partir \u00e0 l&#8217;aventure tout en lenteur et revenir aupr\u00e8s des siens avec un nom, Rebelle, et une information, le pr\u00e9 o\u00f9 ils logent va \u00eatre b\u00e9tonn\u00e9. Il a acquis tout [&hellip;]<\/p>\n","protected":false},"author":1,"featured_media":12175,"comment_status":"closed","ping_status":"open","sticky":false,"template":"","format":"standard","meta":{"_jetpack_newsletter_access":"","_jetpack_dont_email_post_to_subs":false,"_jetpack_newsletter_tier_id":0,"_jetpack_memberships_contains_paywalled_content":false,"_jetpack_feature_clip_id":0,"_jetpack_memberships_contains_paid_content":false,"footnotes":"","jetpack_post_was_ever_published":false},"categories":[214,213,210],"tags":[147,74,148],"class_list":["post-12159","post","type-post","status-publish","format-standard","has-post-thumbnail","hentry","category-books-2023","category-chaellenge-riquiqui-2023","category-challenge-solidaire-2023","tag-animals","tag-environment","tag-fate"],"jetpack_sharing_enabled":true,"jetpack_featured_media_url":"https:\/\/i0.wp.com\/redheadwithabrain.ch\/wp-content\/uploads\/2023\/02\/krzysztof-niewolny-OxK32aLJXWU-unsplash-scaled.jpg?fit=2560%2C1710&ssl=1","_links":{"self":[{"href":"https:\/\/redheadwithabrain.ch\/index.php\/wp-json\/wp\/v2\/posts\/12159","targetHints":{"allow":["GET"]}}],"collection":[{"href":"https:\/\/redheadwithabrain.ch\/index.php\/wp-json\/wp\/v2\/posts"}],"about":[{"href":"https:\/\/redheadwithabrain.ch\/index.php\/wp-json\/wp\/v2\/types\/post"}],"author":[{"embeddable":true,"href":"https:\/\/redheadwithabrain.ch\/index.php\/wp-json\/wp\/v2\/users\/1"}],"replies":[{"embeddable":true,"href":"https:\/\/redheadwithabrain.ch\/index.php\/wp-json\/wp\/v2\/comments?post=12159"}],"version-history":[{"count":7,"href":"https:\/\/redheadwithabrain.ch\/index.php\/wp-json\/wp\/v2\/posts\/12159\/revisions"}],"predecessor-version":[{"id":14832,"href":"https:\/\/redheadwithabrain.ch\/index.php\/wp-json\/wp\/v2\/posts\/12159\/revisions\/14832"}],"wp:featuredmedia":[{"embeddable":true,"href":"https:\/\/redheadwithabrain.ch\/index.php\/wp-json\/wp\/v2\/media\/12175"}],"wp:attachment":[{"href":"https:\/\/redheadwithabrain.ch\/index.php\/wp-json\/wp\/v2\/media?parent=12159"}],"wp:term":[{"taxonomy":"category","embeddable":true,"href":"https:\/\/redheadwithabrain.ch\/index.php\/wp-json\/wp\/v2\/categories?post=12159"},{"taxonomy":"post_tag","embeddable":true,"href":"https:\/\/redheadwithabrain.ch\/index.php\/wp-json\/wp\/v2\/tags?post=12159"}],"curies":[{"name":"wp","href":"https:\/\/api.w.org\/{rel}","templated":true}]}}