{"id":12204,"date":"2023-02-16T18:18:12","date_gmt":"2023-02-16T17:18:12","guid":{"rendered":"https:\/\/redheadwithabrain.ch\/?p=12204"},"modified":"2023-03-07T12:07:27","modified_gmt":"2023-03-07T11:07:27","slug":"bertrand-belin-festival-antigel-2022","status":"publish","type":"post","link":"https:\/\/redheadwithabrain.ch\/index.php\/2023\/02\/16\/bertrand-belin-festival-antigel-2022\/","title":{"rendered":"Bertrand Belin &#8211; Festival Antigel (2022)"},"content":{"rendered":"\n<p class=\"wp-block-paragraph\">Festival Antigel, belle salle de l&#8217;Alhambra. Bertrand Belin avec son nouvel album &#8220;Tambour Vision&#8221;. Des jolies chansons avec des paroles toutes simples jusqu&#8217;au moment o\u00f9 le texte d\u00e9vie et devient plus os\u00e9, plus loufoque. Jeux de lumi\u00e8re color\u00e9s, un marimba, mais surtout un Bertrand Belin compl\u00e9tement d\u00e9jant\u00e9. Assez dr\u00f4le.<\/p>\n\n\n\n<p class=\"has-text-align-center wp-block-paragraph\"><em>&#8220;Il me faut une s\u0153ur<br \/>Pour me faire un couteau<br \/>Si je dois casser ma pipe<br \/>Car ceci est une pipe<br \/>Une pipe<br \/>Un arbre ou un poteau<br \/>De quoi me tenir<br \/>En attendant Godot<br \/>Une encoche<br \/>Au cul de mes fl\u00e8ches<br \/>Si je dois casser ma pipe<br \/>Car ceci est une pipe<br \/>Il me faudra deux doigts pour ma s\u00e8che<br \/>Une main pour ma m\u00e8che<br \/>Go\u00fbter la p\u00e9nombre<br \/>Une main pour ma m\u00e8che<br \/>Une main pour ma torche<br \/>Si je dois casser ma pipe&#8221;<\/em><\/p>\n","protected":false},"excerpt":{"rendered":"<p>Festival Antigel, belle salle de l&#8217;Alhambra. Bertrand Belin avec son nouvel album &#8220;Tambour Vision&#8221;. Des jolies chansons avec des paroles toutes simples jusqu&#8217;au moment o\u00f9 le texte d\u00e9vie et devient plus os\u00e9, plus loufoque. Jeux de lumi\u00e8re color\u00e9s, un marimba, mais surtout un Bertrand Belin compl\u00e9tement d\u00e9jant\u00e9. Assez dr\u00f4le. &#8220;Il me faut une s\u0153urPour me [&hellip;]<\/p>\n","protected":false},"author":1,"featured_media":12247,"comment_status":"closed","ping_status":"open","sticky":false,"template":"","format":"standard","meta":{"_jetpack_newsletter_access":"","_jetpack_dont_email_post_to_subs":false,"_jetpack_newsletter_tier_id":0,"_jetpack_memberships_contains_paywalled_content":false,"_jetpack_feature_clip_id":0,"_jetpack_memberships_contains_paid_content":false,"footnotes":"","jetpack_post_was_ever_published":false},"categories":[3],"tags":[47,64,113],"class_list":["post-12204","post","type-post","status-publish","format-standard","has-post-thumbnail","hentry","category-concerts","tag-humour","tag-madness","tag-music"],"jetpack_sharing_enabled":true,"jetpack_featured_media_url":"https:\/\/i0.wp.com\/redheadwithabrain.ch\/wp-content\/uploads\/2023\/02\/nadiia-ploshchenko-B_yBNcRgvFY-unsplash-scaled-e1677426529996.jpg?fit=1706%2C1676&ssl=1","_links":{"self":[{"href":"https:\/\/redheadwithabrain.ch\/index.php\/wp-json\/wp\/v2\/posts\/12204","targetHints":{"allow":["GET"]}}],"collection":[{"href":"https:\/\/redheadwithabrain.ch\/index.php\/wp-json\/wp\/v2\/posts"}],"about":[{"href":"https:\/\/redheadwithabrain.ch\/index.php\/wp-json\/wp\/v2\/types\/post"}],"author":[{"embeddable":true,"href":"https:\/\/redheadwithabrain.ch\/index.php\/wp-json\/wp\/v2\/users\/1"}],"replies":[{"embeddable":true,"href":"https:\/\/redheadwithabrain.ch\/index.php\/wp-json\/wp\/v2\/comments?post=12204"}],"version-history":[{"count":3,"href":"https:\/\/redheadwithabrain.ch\/index.php\/wp-json\/wp\/v2\/posts\/12204\/revisions"}],"predecessor-version":[{"id":12305,"href":"https:\/\/redheadwithabrain.ch\/index.php\/wp-json\/wp\/v2\/posts\/12204\/revisions\/12305"}],"wp:featuredmedia":[{"embeddable":true,"href":"https:\/\/redheadwithabrain.ch\/index.php\/wp-json\/wp\/v2\/media\/12247"}],"wp:attachment":[{"href":"https:\/\/redheadwithabrain.ch\/index.php\/wp-json\/wp\/v2\/media?parent=12204"}],"wp:term":[{"taxonomy":"category","embeddable":true,"href":"https:\/\/redheadwithabrain.ch\/index.php\/wp-json\/wp\/v2\/categories?post=12204"},{"taxonomy":"post_tag","embeddable":true,"href":"https:\/\/redheadwithabrain.ch\/index.php\/wp-json\/wp\/v2\/tags?post=12204"}],"curies":[{"name":"wp","href":"https:\/\/api.w.org\/{rel}","templated":true}]}}