{"id":12408,"date":"2023-03-26T20:49:58","date_gmt":"2023-03-26T18:49:58","guid":{"rendered":"https:\/\/redheadwithabrain.ch\/?p=12408"},"modified":"2023-04-06T11:57:20","modified_gmt":"2023-04-06T09:57:20","slug":"therapie-de-groupe-tome-3-la-tristesse-durera-toujours-manu-larcenet-2022","status":"publish","type":"post","link":"https:\/\/redheadwithabrain.ch\/index.php\/2023\/03\/26\/therapie-de-groupe-tome-3-la-tristesse-durera-toujours-manu-larcenet-2022\/","title":{"rendered":"Th\u00e9rapie de groupe &#8211; Tome 3. La tristesse durera toujours &#8211; Manu Larcenet (2022)"},"content":{"rendered":"\n<p class=\"wp-block-paragraph\">Bon, Jean-Eudes n&#8217;a pas l&#8217;air d&#8217;aller beaucoup mieux dans ce troisi\u00e8me tome. Il se sent toujours aussi perdu et &#8220;has been&#8221;, d\u00e9pass\u00e9 par les jeunes b\u00e9d\u00e9istes aux th\u00e8mes tr\u00e8s actuels&#8230; m\u00eame si parfois risibles. La cr\u00e9ativit\u00e9 est en berne, il n&#8217;a pas vu grandir ses enfants, sa femme semble indiff\u00e9rente. Il va partir faire de la m\u00e9ditation, retentera quelques apparitions t\u00e9l\u00e9 catastrophiques, parlera avec des philosophes, essayera de reconnecter avec sa famille. Si Jean-Eudes est bien au bout du rouleau, Manu Larcenet lui arrive toujours \u00e0 faire une bande dessin\u00e9e o\u00f9 les styles diff\u00e9rents alternent, les couleurs explosent et les belles phrases s&#8217;encha\u00eenent. Il est ais\u00e9 d&#8217;imaginer qu&#8217;une cr\u00e9ativit\u00e9 pareille m\u00e8ne au burn-out. Magnifique et touchant.<\/p>\n\n\n\n<p class=\"wp-block-paragraph\"><em>&#8220;Aujourd\u2019hui quand le monde va mal, il se d\u00e9brouille tout seul, avec sa temp\u00eate. Je ne brille plus. Plus l\u2019envie. Plus le courage. Le burn-out. Je suis <span style=\"text-decoration: underline;\">fini<\/span>. \u00c7a m\u2019est tomb\u00e9 dessus par surprise. J\u2019ai rien vu venir&#8230; &#8220;L\u2019\u00e9toile qui danse&#8221;, indispensable \u00e0 l\u2019entreprise cr\u00e9atrice, avait d\u00e9sert\u00e9 la voie lact\u00e9e de mon intellect&#8230; Tiens, c\u2019est joli, \u00e7a\u2026 Si seulement j\u2019\u00e9crivais des chansons&#8230;&#8221;<\/em><\/p>\n","protected":false},"excerpt":{"rendered":"<p>Bon, Jean-Eudes n&#8217;a pas l&#8217;air d&#8217;aller beaucoup mieux dans ce troisi\u00e8me tome. Il se sent toujours aussi perdu et &#8220;has been&#8221;, d\u00e9pass\u00e9 par les jeunes b\u00e9d\u00e9istes aux th\u00e8mes tr\u00e8s actuels&#8230; m\u00eame si parfois risibles. La cr\u00e9ativit\u00e9 est en berne, il n&#8217;a pas vu grandir ses enfants, sa femme semble indiff\u00e9rente. Il va partir faire de [&hellip;]<\/p>\n","protected":false},"author":1,"featured_media":12489,"comment_status":"closed","ping_status":"open","sticky":false,"template":"","format":"standard","meta":{"_jetpack_newsletter_access":"","_jetpack_dont_email_post_to_subs":false,"_jetpack_newsletter_tier_id":0,"_jetpack_memberships_contains_paywalled_content":false,"_jetpack_feature_clip_id":0,"_jetpack_memberships_contains_paid_content":false,"footnotes":"","jetpack_post_was_ever_published":false},"categories":[213,216],"tags":[47,62,65],"class_list":["post-12408","post","type-post","status-publish","format-standard","has-post-thumbnail","hentry","category-chaellenge-riquiqui-2023","category-graphic-2023","tag-humour","tag-quest","tag-sadness"],"jetpack_sharing_enabled":true,"jetpack_featured_media_url":"https:\/\/i0.wp.com\/redheadwithabrain.ch\/wp-content\/uploads\/2023\/04\/shutterstock_1125628586-scaled.jpg?fit=2560%2C1707&ssl=1","_links":{"self":[{"href":"https:\/\/redheadwithabrain.ch\/index.php\/wp-json\/wp\/v2\/posts\/12408","targetHints":{"allow":["GET"]}}],"collection":[{"href":"https:\/\/redheadwithabrain.ch\/index.php\/wp-json\/wp\/v2\/posts"}],"about":[{"href":"https:\/\/redheadwithabrain.ch\/index.php\/wp-json\/wp\/v2\/types\/post"}],"author":[{"embeddable":true,"href":"https:\/\/redheadwithabrain.ch\/index.php\/wp-json\/wp\/v2\/users\/1"}],"replies":[{"embeddable":true,"href":"https:\/\/redheadwithabrain.ch\/index.php\/wp-json\/wp\/v2\/comments?post=12408"}],"version-history":[{"count":4,"href":"https:\/\/redheadwithabrain.ch\/index.php\/wp-json\/wp\/v2\/posts\/12408\/revisions"}],"predecessor-version":[{"id":12446,"href":"https:\/\/redheadwithabrain.ch\/index.php\/wp-json\/wp\/v2\/posts\/12408\/revisions\/12446"}],"wp:featuredmedia":[{"embeddable":true,"href":"https:\/\/redheadwithabrain.ch\/index.php\/wp-json\/wp\/v2\/media\/12489"}],"wp:attachment":[{"href":"https:\/\/redheadwithabrain.ch\/index.php\/wp-json\/wp\/v2\/media?parent=12408"}],"wp:term":[{"taxonomy":"category","embeddable":true,"href":"https:\/\/redheadwithabrain.ch\/index.php\/wp-json\/wp\/v2\/categories?post=12408"},{"taxonomy":"post_tag","embeddable":true,"href":"https:\/\/redheadwithabrain.ch\/index.php\/wp-json\/wp\/v2\/tags?post=12408"}],"curies":[{"name":"wp","href":"https:\/\/api.w.org\/{rel}","templated":true}]}}