{"id":12412,"date":"2023-03-17T20:50:57","date_gmt":"2023-03-17T19:50:57","guid":{"rendered":"https:\/\/redheadwithabrain.ch\/?p=12412"},"modified":"2023-04-06T11:27:55","modified_gmt":"2023-04-06T09:27:55","slug":"des-voix-des-pieds-des-mains-lorgue-fait-son-cinema-2023","status":"publish","type":"post","link":"https:\/\/redheadwithabrain.ch\/index.php\/2023\/03\/17\/des-voix-des-pieds-des-mains-lorgue-fait-son-cinema-2023\/","title":{"rendered":"Des voix, des pieds, des mains &#8211; L&#8217;orgue fait son cinema (2023)"},"content":{"rendered":"\n<p class=\"wp-block-paragraph\">Neuvi\u00e8me festival &#8220;L&#8217;orgue fait son cin\u00e9ma&#8221; au Coll\u00e8ge Clapar\u00e8de. Ce festival est un joli pr\u00e9texte pour montrer au grand publique ce magnifique orgue que le coll\u00e8ge Clapar\u00e8de poss\u00e8de. Un instrument assez incroyable. Il date de 1937 et est un des six derniers Wurlitzer d&#8217;Europe. Comme son nom l&#8217;indique, il peut faire tout le bruitage n\u00e9cessaire \u00e0 un film : un train qui passe, un galop de cheval&#8230; Vincent Th\u00e9venaz jouera de son orgue pour accompagner un court m\u00e9trage &#8220;Des pieds et des mains&#8221; de Gaston Ravel (1915) puis la Ma\u00eetrise du Conservatoire de Gen\u00e8ve et le ch\u0153ur du Coll\u00e8ge Clapar\u00e8de, avec beaucoup de fantaisie et de libert\u00e9s, parfois amusantes. <\/p>\n\n\n\n<p class=\"has-text-align-center wp-block-paragraph\"><em>&#8220;All\u00f4, all\u00f4 James !<br>Quelles nouvelles ?<br>Notre ch\u00e2teau est donc d\u00e9truit !<br>Expliquez-moi<br>Car je chancelle<br>Comment cela s&#8217;est-il produit ?<\/em><\/p>\n\n\n\n<p class=\"has-text-align-center wp-block-paragraph\"><em>Eh bien ! Voila, Madame la Marquise,<br>Apprenant qu&#8217;il \u00e9tait ruin\u00e9,<br>A peine fut-il rev&#8217;nu de sa surprise<br>Que M&#8217;sieur l&#8217;Marquis s&#8217;est suicid\u00e9,<br>Et c&#8217;est en ramassant la pelle<br>Qu&#8217;il renversa toutes les chandelles,<br>Mettant le feu \u00e0 tout l&#8217;ch\u00e2teau<br>Qui s&#8217;consuma de bas en haut ;<br>Le vent soufflant sur l&#8217;incendie,<br>Le propagea sur l&#8217;\u00e9curie,<br>Et c&#8217;est ainsi qu&#8217;en un moment<br>On vit p\u00e9rir votre jument !<br>Mais, \u00e0 part \u00e7a, Madame la Marquise,<br>Tout va tr\u00e8s bien, tout va tr\u00e8s bien.&#8221;<\/em><\/p>\n","protected":false},"excerpt":{"rendered":"<p>Neuvi\u00e8me festival &#8220;L&#8217;orgue fait son cin\u00e9ma&#8221; au Coll\u00e8ge Clapar\u00e8de. Ce festival est un joli pr\u00e9texte pour montrer au grand publique ce magnifique orgue que le coll\u00e8ge Clapar\u00e8de poss\u00e8de. Un instrument assez incroyable. Il date de 1937 et est un des six derniers Wurlitzer d&#8217;Europe. Comme son nom l&#8217;indique, il peut faire tout le bruitage n\u00e9cessaire [&hellip;]<\/p>\n","protected":false},"author":1,"featured_media":12418,"comment_status":"closed","ping_status":"open","sticky":false,"template":"","format":"standard","meta":{"_jetpack_newsletter_access":"","_jetpack_dont_email_post_to_subs":false,"_jetpack_newsletter_tier_id":0,"_jetpack_memberships_contains_paywalled_content":false,"_jetpack_feature_clip_id":0,"_jetpack_memberships_contains_paid_content":false,"footnotes":"","jetpack_post_was_ever_published":false},"categories":[3],"tags":[67,112,113],"class_list":["post-12412","post","type-post","status-publish","format-standard","has-post-thumbnail","hentry","category-concerts","tag-creativity","tag-history","tag-music"],"jetpack_sharing_enabled":true,"jetpack_featured_media_url":"https:\/\/i0.wp.com\/redheadwithabrain.ch\/wp-content\/uploads\/2023\/03\/rainer-gelhot-3046NFWOHLU-unsplash-scaled.jpg?fit=2560%2C1714&ssl=1","_links":{"self":[{"href":"https:\/\/redheadwithabrain.ch\/index.php\/wp-json\/wp\/v2\/posts\/12412","targetHints":{"allow":["GET"]}}],"collection":[{"href":"https:\/\/redheadwithabrain.ch\/index.php\/wp-json\/wp\/v2\/posts"}],"about":[{"href":"https:\/\/redheadwithabrain.ch\/index.php\/wp-json\/wp\/v2\/types\/post"}],"author":[{"embeddable":true,"href":"https:\/\/redheadwithabrain.ch\/index.php\/wp-json\/wp\/v2\/users\/1"}],"replies":[{"embeddable":true,"href":"https:\/\/redheadwithabrain.ch\/index.php\/wp-json\/wp\/v2\/comments?post=12412"}],"version-history":[{"count":3,"href":"https:\/\/redheadwithabrain.ch\/index.php\/wp-json\/wp\/v2\/posts\/12412\/revisions"}],"predecessor-version":[{"id":12484,"href":"https:\/\/redheadwithabrain.ch\/index.php\/wp-json\/wp\/v2\/posts\/12412\/revisions\/12484"}],"wp:featuredmedia":[{"embeddable":true,"href":"https:\/\/redheadwithabrain.ch\/index.php\/wp-json\/wp\/v2\/media\/12418"}],"wp:attachment":[{"href":"https:\/\/redheadwithabrain.ch\/index.php\/wp-json\/wp\/v2\/media?parent=12412"}],"wp:term":[{"taxonomy":"category","embeddable":true,"href":"https:\/\/redheadwithabrain.ch\/index.php\/wp-json\/wp\/v2\/categories?post=12412"},{"taxonomy":"post_tag","embeddable":true,"href":"https:\/\/redheadwithabrain.ch\/index.php\/wp-json\/wp\/v2\/tags?post=12412"}],"curies":[{"name":"wp","href":"https:\/\/api.w.org\/{rel}","templated":true}]}}