{"id":12413,"date":"2023-03-26T11:29:47","date_gmt":"2023-03-26T09:29:47","guid":{"rendered":"https:\/\/redheadwithabrain.ch\/?p=12413"},"modified":"2023-05-22T14:58:54","modified_gmt":"2023-05-22T12:58:54","slug":"celebrations-avec-de-jeunes-musiciens-_-cathedrale-saint-pierre-geneve-2023","status":"publish","type":"post","link":"https:\/\/redheadwithabrain.ch\/index.php\/2023\/03\/26\/celebrations-avec-de-jeunes-musiciens-_-cathedrale-saint-pierre-geneve-2023\/","title":{"rendered":"C\u00e9l\u00e9brations avec de jeunes musiciens &#8211; Cath\u00e9drale Saint-Pierre &#8211; Gen\u00e8ve (2023)"},"content":{"rendered":"\n<p class=\"wp-block-paragraph\">Un office du dimanche soir dans la cath\u00e9drale Saint-Pierre avec la Ma\u00eetrise et la Camerata du Conservatoire populaire de Gen\u00e8ve, sous la direction de John Duxbury et deux pasteurs qui disent la liturgie. La partition jou\u00e9e et chant\u00e9e est : &#8220;Come, ye sons of Art&#8221; de Purcell, \u00e9galement connue sous le nom d&#8217;Ode for Queen Mary&#8217;s Birthday, compos\u00e9e en 1694, probablement avec des textes de Nahum Tate, po\u00e8te de l&#8217;\u00e9poque. De tr\u00e8s beaux chants, mais un peu perdus dans cette grande cath\u00e9drale.<\/p>\n\n\n\n<p class=\"has-text-align-center wp-block-paragraph\"><em>&#8220;See Nature, rejoicing, has shown us the way,<br>With innocent revels to welcome the day.<br>The tuneful grove, and talking rill,<br>The laughing vale, replying hill,<br>With charming harmony unite,<br>The happy season to invite.<br> What the graces require, <br>And the Muses inspire,<br>Is at once our delight And our duty to pay.&#8221;<\/em><\/p>\n","protected":false},"excerpt":{"rendered":"<p>Un office du dimanche soir dans la cath\u00e9drale Saint-Pierre avec la Ma\u00eetrise et la Camerata du Conservatoire populaire de Gen\u00e8ve, sous la direction de John Duxbury et deux pasteurs qui disent la liturgie. La partition jou\u00e9e et chant\u00e9e est : &#8220;Come, ye sons of Art&#8221; de Purcell, \u00e9galement connue sous le nom d&#8217;Ode for Queen [&hellip;]<\/p>\n","protected":false},"author":1,"featured_media":12466,"comment_status":"closed","ping_status":"open","sticky":false,"template":"","format":"standard","meta":{"_jetpack_newsletter_access":"","_jetpack_dont_email_post_to_subs":false,"_jetpack_newsletter_tier_id":0,"_jetpack_memberships_contains_paywalled_content":false,"_jetpack_feature_clip_id":0,"_jetpack_memberships_contains_paid_content":false,"footnotes":"","jetpack_post_was_ever_published":false},"categories":[3],"tags":[105,113,107],"class_list":["post-12413","post","type-post","status-publish","format-standard","has-post-thumbnail","hentry","category-concerts","tag-joy","tag-music","tag-religion"],"jetpack_sharing_enabled":true,"jetpack_featured_media_url":"https:\/\/i0.wp.com\/redheadwithabrain.ch\/wp-content\/uploads\/2023\/04\/sigmund-EH_-EMM1vTM-unsplash-scaled.jpg?fit=1920%2C2560&ssl=1","_links":{"self":[{"href":"https:\/\/redheadwithabrain.ch\/index.php\/wp-json\/wp\/v2\/posts\/12413","targetHints":{"allow":["GET"]}}],"collection":[{"href":"https:\/\/redheadwithabrain.ch\/index.php\/wp-json\/wp\/v2\/posts"}],"about":[{"href":"https:\/\/redheadwithabrain.ch\/index.php\/wp-json\/wp\/v2\/types\/post"}],"author":[{"embeddable":true,"href":"https:\/\/redheadwithabrain.ch\/index.php\/wp-json\/wp\/v2\/users\/1"}],"replies":[{"embeddable":true,"href":"https:\/\/redheadwithabrain.ch\/index.php\/wp-json\/wp\/v2\/comments?post=12413"}],"version-history":[{"count":5,"href":"https:\/\/redheadwithabrain.ch\/index.php\/wp-json\/wp\/v2\/posts\/12413\/revisions"}],"predecessor-version":[{"id":12749,"href":"https:\/\/redheadwithabrain.ch\/index.php\/wp-json\/wp\/v2\/posts\/12413\/revisions\/12749"}],"wp:featuredmedia":[{"embeddable":true,"href":"https:\/\/redheadwithabrain.ch\/index.php\/wp-json\/wp\/v2\/media\/12466"}],"wp:attachment":[{"href":"https:\/\/redheadwithabrain.ch\/index.php\/wp-json\/wp\/v2\/media?parent=12413"}],"wp:term":[{"taxonomy":"category","embeddable":true,"href":"https:\/\/redheadwithabrain.ch\/index.php\/wp-json\/wp\/v2\/categories?post=12413"},{"taxonomy":"post_tag","embeddable":true,"href":"https:\/\/redheadwithabrain.ch\/index.php\/wp-json\/wp\/v2\/tags?post=12413"}],"curies":[{"name":"wp","href":"https:\/\/api.w.org\/{rel}","templated":true}]}}