{"id":12478,"date":"2023-04-06T13:24:20","date_gmt":"2023-04-06T11:24:20","guid":{"rendered":"https:\/\/redheadwithabrain.ch\/?p=12478"},"modified":"2023-04-06T13:37:10","modified_gmt":"2023-04-06T11:37:10","slug":"eleazar-ou-la-source-et-le-buisson-michel-tournier-1996","status":"publish","type":"post","link":"https:\/\/redheadwithabrain.ch\/index.php\/2023\/04\/06\/eleazar-ou-la-source-et-le-buisson-michel-tournier-1996\/","title":{"rendered":"\u00c9l\u00e9azar  ou La source et le buisson &#8211; Michel Tournier (1996)"},"content":{"rendered":"\n<p class=\"wp-block-paragraph\">\u00c9l\u00e9azar est pasteur en Irlande. La condition des catholiques, la famine apr\u00e8s que les pommes de terre sont d\u00e9cim\u00e9es par le mildiou et le meurtre d&#8217;un homme qui bat un enfant l&#8217;incitent \u00e0 \u00e9migrer aux \u00c9tats-Unis avec femme et enfants. Dans son esprit, il incarne Mo\u00efse que Dieu n&#8217;a pas voulu laisser arriver en terre de Canaan. Lui veut traverser les d\u00e9serts et les montagnes pour arriver en Californie, &#8220;terre de lait et de miel&#8221;, mais il mourra, bless\u00e9 et \u00e9puis\u00e9, en apercevant sa terre promise. Une histoire de qu\u00eate biblique, qui rafra\u00eechit les connaissances sur Mo\u00efse, avec des touches de savoir ancestrale des Indiens et de clairvoyance de la fille d&#8217;\u00c9l\u00e9azar. Joli roman.<\/p>\n\n\n\n<p class=\"wp-block-paragraph\"><em>&#8220;Dans les plaines de l&#8217;au-del\u00e0, les \u00e2mes des morts ne grouillent pas \u00e0 l&#8217;infini, comme on pourrait le croire. Non. Leur nombre est certes grand, mais limit\u00e9 cependant, et le cort\u00e8ge des nouveaux morts qui affluent sans cesse vient compenser un effacement progressif d&#8217;\u00e2mes d\u00e9funtes qui se dissipent dans le n\u00e9ant. Car les d\u00e9funts ne persistent dans l&#8217;au-del\u00e0 qu&#8217;aussi longtemps qu&#8217;il y a sur terre des vivants qui pensent \u00e0 eux. Les morts se nourrissent du souvenir que leur adressent les vivants, et ils s&#8217;\u00e9vanouissent \u00e0 jamais d\u00e8s que le dernier vivant leur a consacr\u00e9 sa derni\u00e8re pens\u00e9e. Les \u00e2mes rayonnent aux enfers d&#8217;une vie qui n&#8217;est que le reflet des pens\u00e9es des vivants. Tel grand homme se met soudain \u00e0 flamboyer, sa voix \u00e9clate comme une trompette de cuivre ou une cloche d&#8217;airain. C&#8217;est que, sur la terre, une foule recueillie c\u00e9l\u00e8bre sa m\u00e9moire. Ou c&#8217;est plus modestement une femme, une ombre de vieille femme qui se colore d&#8217;un timide reflet de couleur : \u00e0 cet instant un enfant a jet\u00e9 une fleur sur sa tombe.&#8221;<\/em><\/p>\n","protected":false},"excerpt":{"rendered":"<p>\u00c9l\u00e9azar est pasteur en Irlande. La condition des catholiques, la famine apr\u00e8s que les pommes de terre sont d\u00e9cim\u00e9es par le mildiou et le meurtre d&#8217;un homme qui bat un enfant l&#8217;incitent \u00e0 \u00e9migrer aux \u00c9tats-Unis avec femme et enfants. Dans son esprit, il incarne Mo\u00efse que Dieu n&#8217;a pas voulu laisser arriver en terre [&hellip;]<\/p>\n","protected":false},"author":1,"featured_media":12479,"comment_status":"closed","ping_status":"open","sticky":false,"template":"","format":"standard","meta":{"_jetpack_newsletter_access":"","_jetpack_dont_email_post_to_subs":false,"_jetpack_newsletter_tier_id":0,"_jetpack_memberships_contains_paywalled_content":false,"_jetpack_feature_clip_id":0,"_jetpack_memberships_contains_paid_content":false,"footnotes":"","jetpack_post_was_ever_published":false},"categories":[214,213,210],"tags":[112,62,107],"class_list":["post-12478","post","type-post","status-publish","format-standard","has-post-thumbnail","hentry","category-books-2023","category-chaellenge-riquiqui-2023","category-challenge-solidaire-2023","tag-history","tag-quest","tag-religion"],"jetpack_sharing_enabled":true,"jetpack_featured_media_url":"https:\/\/i0.wp.com\/redheadwithabrain.ch\/wp-content\/uploads\/2023\/04\/ben-karpinski-Ojh2iirFbtc-unsplash-scaled.jpg?fit=2560%2C1707&ssl=1","_links":{"self":[{"href":"https:\/\/redheadwithabrain.ch\/index.php\/wp-json\/wp\/v2\/posts\/12478","targetHints":{"allow":["GET"]}}],"collection":[{"href":"https:\/\/redheadwithabrain.ch\/index.php\/wp-json\/wp\/v2\/posts"}],"about":[{"href":"https:\/\/redheadwithabrain.ch\/index.php\/wp-json\/wp\/v2\/types\/post"}],"author":[{"embeddable":true,"href":"https:\/\/redheadwithabrain.ch\/index.php\/wp-json\/wp\/v2\/users\/1"}],"replies":[{"embeddable":true,"href":"https:\/\/redheadwithabrain.ch\/index.php\/wp-json\/wp\/v2\/comments?post=12478"}],"version-history":[{"count":4,"href":"https:\/\/redheadwithabrain.ch\/index.php\/wp-json\/wp\/v2\/posts\/12478\/revisions"}],"predecessor-version":[{"id":12495,"href":"https:\/\/redheadwithabrain.ch\/index.php\/wp-json\/wp\/v2\/posts\/12478\/revisions\/12495"}],"wp:featuredmedia":[{"embeddable":true,"href":"https:\/\/redheadwithabrain.ch\/index.php\/wp-json\/wp\/v2\/media\/12479"}],"wp:attachment":[{"href":"https:\/\/redheadwithabrain.ch\/index.php\/wp-json\/wp\/v2\/media?parent=12478"}],"wp:term":[{"taxonomy":"category","embeddable":true,"href":"https:\/\/redheadwithabrain.ch\/index.php\/wp-json\/wp\/v2\/categories?post=12478"},{"taxonomy":"post_tag","embeddable":true,"href":"https:\/\/redheadwithabrain.ch\/index.php\/wp-json\/wp\/v2\/tags?post=12478"}],"curies":[{"name":"wp","href":"https:\/\/api.w.org\/{rel}","templated":true}]}}