{"id":12662,"date":"2023-05-11T23:52:00","date_gmt":"2023-05-11T21:52:00","guid":{"rendered":"https:\/\/redheadwithabrain.ch\/?p=12662"},"modified":"2023-05-16T15:53:50","modified_gmt":"2023-05-16T13:53:50","slug":"se-do-porto-porto-1110","status":"publish","type":"post","link":"https:\/\/redheadwithabrain.ch\/index.php\/2023\/05\/11\/se-do-porto-porto-1110\/","title":{"rendered":"S\u00e9 do Porto &#8211; Porto (1110)"},"content":{"rendered":"\n<p class=\"wp-block-paragraph\">La cath\u00e9drale de Porto est une \u00e9glise-forteresse de style roman. L&#8217;entr\u00e9e est sur le c\u00f4t\u00e9 et donne dans une cour orn\u00e9e d&#8217;azulejos dont les personnages ont la particularit\u00e9 d&#8217;avoir tous leurs yeux en c\u00e9ramique &#8220;crev\u00e9s&#8221; ou rafistol\u00e9s. Aucune id\u00e9e pourquoi. En tournant autour de cette cour, soudain, une des entr\u00e9es est celle de la cath\u00e9drale elle-m\u00eame, richement orn\u00e9e, grandiose, d&#8217;allure plus baroque que le reste. Une musique d&#8217;orgue vient achever l&#8217;exp\u00e9rience touristique. L&#8217;esplanade offre une belle vue sur Porto et ses ponts.<\/p>\n\n\n\n<p class=\"wp-block-paragraph\"><em>&#8220;Plus que la r\u00e9alit\u00e9 urbaine, Porto synth\u00e9tise le devenir d&#8217;une nation &#8211; le Portugal &#8211; que le gra- nit traduit dans la solidit\u00e9 de ses origines anciennes, que la cath\u00e9drale, sur son alti\u00e8re colline, personnifie comme pouvoir eccl\u00e9sias- tique maintes fois brandi par Portus Calem contre la m\u00e9tropole &#8211; Lisbonne. (Premi\u00e8res Rencontres Du Patrimoine Am\u00e9rique Latine &#8211; Europe: Monuments, Sites Et Documents Historiques. Actes Du Colloque de Namur, 9-13 Septembre 1996. Yvette Vanden Bemden. 1996)&#8221;<\/em><\/p>\n","protected":false},"excerpt":{"rendered":"<p>La cath\u00e9drale de Porto est une \u00e9glise-forteresse de style roman. L&#8217;entr\u00e9e est sur le c\u00f4t\u00e9 et donne dans une cour orn\u00e9e d&#8217;azulejos dont les personnages ont la particularit\u00e9 d&#8217;avoir tous leurs yeux en c\u00e9ramique &#8220;crev\u00e9s&#8221; ou rafistol\u00e9s. Aucune id\u00e9e pourquoi. En tournant autour de cette cour, soudain, une des entr\u00e9es est celle de la cath\u00e9drale [&hellip;]<\/p>\n","protected":false},"author":1,"featured_media":12721,"comment_status":"closed","ping_status":"open","sticky":false,"template":"","format":"standard","meta":{"_jetpack_newsletter_access":"","_jetpack_dont_email_post_to_subs":false,"_jetpack_newsletter_tier_id":0,"_jetpack_memberships_contains_paywalled_content":false,"_jetpack_feature_clip_id":0,"_jetpack_memberships_contains_paid_content":false,"footnotes":"","jetpack_post_was_ever_published":false},"categories":[6],"tags":[67,112,107],"class_list":["post-12662","post","type-post","status-publish","format-standard","has-post-thumbnail","hentry","category-bits-bobs","tag-creativity","tag-history","tag-religion"],"jetpack_sharing_enabled":true,"jetpack_featured_media_url":"https:\/\/i0.wp.com\/redheadwithabrain.ch\/wp-content\/uploads\/2023\/05\/PXL_20230511_155920136-scaled.jpg?fit=2560%2C1928&ssl=1","_links":{"self":[{"href":"https:\/\/redheadwithabrain.ch\/index.php\/wp-json\/wp\/v2\/posts\/12662","targetHints":{"allow":["GET"]}}],"collection":[{"href":"https:\/\/redheadwithabrain.ch\/index.php\/wp-json\/wp\/v2\/posts"}],"about":[{"href":"https:\/\/redheadwithabrain.ch\/index.php\/wp-json\/wp\/v2\/types\/post"}],"author":[{"embeddable":true,"href":"https:\/\/redheadwithabrain.ch\/index.php\/wp-json\/wp\/v2\/users\/1"}],"replies":[{"embeddable":true,"href":"https:\/\/redheadwithabrain.ch\/index.php\/wp-json\/wp\/v2\/comments?post=12662"}],"version-history":[{"count":6,"href":"https:\/\/redheadwithabrain.ch\/index.php\/wp-json\/wp\/v2\/posts\/12662\/revisions"}],"predecessor-version":[{"id":12722,"href":"https:\/\/redheadwithabrain.ch\/index.php\/wp-json\/wp\/v2\/posts\/12662\/revisions\/12722"}],"wp:featuredmedia":[{"embeddable":true,"href":"https:\/\/redheadwithabrain.ch\/index.php\/wp-json\/wp\/v2\/media\/12721"}],"wp:attachment":[{"href":"https:\/\/redheadwithabrain.ch\/index.php\/wp-json\/wp\/v2\/media?parent=12662"}],"wp:term":[{"taxonomy":"category","embeddable":true,"href":"https:\/\/redheadwithabrain.ch\/index.php\/wp-json\/wp\/v2\/categories?post=12662"},{"taxonomy":"post_tag","embeddable":true,"href":"https:\/\/redheadwithabrain.ch\/index.php\/wp-json\/wp\/v2\/tags?post=12662"}],"curies":[{"name":"wp","href":"https:\/\/api.w.org\/{rel}","templated":true}]}}