{"id":12839,"date":"2023-06-05T10:34:37","date_gmt":"2023-06-05T08:34:37","guid":{"rendered":"https:\/\/redheadwithabrain.ch\/?p=12839"},"modified":"2023-06-24T14:27:44","modified_gmt":"2023-06-24T12:27:44","slug":"le-chevalier-noir-michael-escoffier-stephane-senegas-2014","status":"publish","type":"post","link":"https:\/\/redheadwithabrain.ch\/index.php\/2023\/06\/05\/le-chevalier-noir-michael-escoffier-stephane-senegas-2014\/","title":{"rendered":"Le chevalier noir &#8211; Micha\u00ebl Escoffier &#038;St\u00e9phane S\u00e9n\u00e9gas (2014)"},"content":{"rendered":"\n<p class=\"wp-block-paragraph\">Un petit conte pour enfant avec un chevalier bien d\u00e9bile, s\u00fbr de son droit sur la princesse et son ch\u00e2teau. La princesse ne se laissera pas faire et le chevalier finira en grenouille. H\u00e9las le ch\u00e2teau de la princesse sera d\u00e9truit aussi, mais pour une fois, ils sont quittes. Une mignonne histoire avec une princesse qui a du caract\u00e8re.<\/p>\n\n\n\n<p class=\"wp-block-paragraph\"><em>&#8220;\u00c7a, \u00e7a m&#8217;\u00e9tonnerait. Mon G\u00e9ant est unique. Sa t\u00eate \u00e9merge par-dessus les nuages, ses jambes sont plus hautes que n&#8217;importe quelle tour de n&#8217;importe quel ch\u00e2teau, au printemps, les oiseaux font leur nid dans ses bottes et lorsqu&#8217;il \u00e9ternue la terre toute enti\u00e8re tremble comme une feuille.&#8221;<\/em><\/p>\n\n\n\n<figure class=\"wp-block-image size-large\"><img data-recalc-dims=\"1\" loading=\"lazy\" decoding=\"async\" width=\"796\" height=\"1024\" src=\"https:\/\/i0.wp.com\/redheadwithabrain.ch\/wp-content\/uploads\/2023\/06\/PXL_20230624_0821528982-1.jpg?resize=796%2C1024&#038;ssl=1\" alt=\"\" class=\"wp-image-12912\" srcset=\"https:\/\/i0.wp.com\/redheadwithabrain.ch\/wp-content\/uploads\/2023\/06\/PXL_20230624_0821528982-1-scaled.jpg?resize=796%2C1024&amp;ssl=1 796w, https:\/\/i0.wp.com\/redheadwithabrain.ch\/wp-content\/uploads\/2023\/06\/PXL_20230624_0821528982-1-scaled.jpg?resize=233%2C300&amp;ssl=1 233w, https:\/\/i0.wp.com\/redheadwithabrain.ch\/wp-content\/uploads\/2023\/06\/PXL_20230624_0821528982-1-scaled.jpg?resize=768%2C988&amp;ssl=1 768w, https:\/\/i0.wp.com\/redheadwithabrain.ch\/wp-content\/uploads\/2023\/06\/PXL_20230624_0821528982-1-scaled.jpg?resize=1195%2C1536&amp;ssl=1 1195w, https:\/\/i0.wp.com\/redheadwithabrain.ch\/wp-content\/uploads\/2023\/06\/PXL_20230624_0821528982-1-scaled.jpg?resize=1593%2C2048&amp;ssl=1 1593w, https:\/\/i0.wp.com\/redheadwithabrain.ch\/wp-content\/uploads\/2023\/06\/PXL_20230624_0821528982-1-scaled.jpg?w=1991&amp;ssl=1 1991w\" sizes=\"auto, (max-width: 796px) 100vw, 796px\" \/><\/figure>\n","protected":false},"excerpt":{"rendered":"<p>Un petit conte pour enfant avec un chevalier bien d\u00e9bile, s\u00fbr de son droit sur la princesse et son ch\u00e2teau. La princesse ne se laissera pas faire et le chevalier finira en grenouille. H\u00e9las le ch\u00e2teau de la princesse sera d\u00e9truit aussi, mais pour une fois, ils sont quittes. Une mignonne histoire avec une princesse [&hellip;]<\/p>\n","protected":false},"author":1,"featured_media":12900,"comment_status":"closed","ping_status":"open","sticky":false,"template":"","format":"standard","meta":{"_jetpack_newsletter_access":"","_jetpack_dont_email_post_to_subs":false,"_jetpack_newsletter_tier_id":0,"_jetpack_memberships_contains_paywalled_content":false,"_jetpack_feature_clip_id":0,"_jetpack_memberships_contains_paid_content":false,"footnotes":"","jetpack_post_was_ever_published":false},"categories":[216],"tags":[128,47,32],"class_list":["post-12839","post","type-post","status-publish","format-standard","has-post-thumbnail","hentry","category-graphic-2023","tag-entitlement","tag-humour","tag-women"],"jetpack_sharing_enabled":true,"jetpack_featured_media_url":"https:\/\/i0.wp.com\/redheadwithabrain.ch\/wp-content\/uploads\/2023\/06\/henrique-malaguti-k_NAgRbk_LA-unsplash-scaled.jpg?fit=1920%2C2560&ssl=1","_links":{"self":[{"href":"https:\/\/redheadwithabrain.ch\/index.php\/wp-json\/wp\/v2\/posts\/12839","targetHints":{"allow":["GET"]}}],"collection":[{"href":"https:\/\/redheadwithabrain.ch\/index.php\/wp-json\/wp\/v2\/posts"}],"about":[{"href":"https:\/\/redheadwithabrain.ch\/index.php\/wp-json\/wp\/v2\/types\/post"}],"author":[{"embeddable":true,"href":"https:\/\/redheadwithabrain.ch\/index.php\/wp-json\/wp\/v2\/users\/1"}],"replies":[{"embeddable":true,"href":"https:\/\/redheadwithabrain.ch\/index.php\/wp-json\/wp\/v2\/comments?post=12839"}],"version-history":[{"count":6,"href":"https:\/\/redheadwithabrain.ch\/index.php\/wp-json\/wp\/v2\/posts\/12839\/revisions"}],"predecessor-version":[{"id":12913,"href":"https:\/\/redheadwithabrain.ch\/index.php\/wp-json\/wp\/v2\/posts\/12839\/revisions\/12913"}],"wp:featuredmedia":[{"embeddable":true,"href":"https:\/\/redheadwithabrain.ch\/index.php\/wp-json\/wp\/v2\/media\/12900"}],"wp:attachment":[{"href":"https:\/\/redheadwithabrain.ch\/index.php\/wp-json\/wp\/v2\/media?parent=12839"}],"wp:term":[{"taxonomy":"category","embeddable":true,"href":"https:\/\/redheadwithabrain.ch\/index.php\/wp-json\/wp\/v2\/categories?post=12839"},{"taxonomy":"post_tag","embeddable":true,"href":"https:\/\/redheadwithabrain.ch\/index.php\/wp-json\/wp\/v2\/tags?post=12839"}],"curies":[{"name":"wp","href":"https:\/\/api.w.org\/{rel}","templated":true}]}}