{"id":12844,"date":"2023-06-10T11:06:13","date_gmt":"2023-06-10T09:06:13","guid":{"rendered":"https:\/\/redheadwithabrain.ch\/?p=12844"},"modified":"2023-12-29T16:02:22","modified_gmt":"2023-12-29T15:02:22","slug":"vannerie-et-plantes-sauvages-la-coudre-2023","status":"publish","type":"post","link":"https:\/\/redheadwithabrain.ch\/index.php\/2023\/06\/10\/vannerie-et-plantes-sauvages-la-coudre-2023\/","title":{"rendered":"Vannerie et plantes sauvages &#8211; Michel Qu\u00e9batte &#8211; La Coudre (2023)"},"content":{"rendered":"\n<p class=\"wp-block-paragraph\">Apr\u00e8s une ballade de 30 minutes, arriv\u00e9e \u00e0 La Coudre, une magnifique ferme au pied du Jura pour un atelier de vannerie un peu diff\u00e9rent. D&#8217;abord, une balade dans la Chassagne d&#8217;Onnens, une prairie s\u00e8che sur les hauts du lac de Neuch\u00e2tel qui est maintenue gr\u00e2ce aux moutons y laissant une mosa\u00efque de buissons, de prairies fleuries et d&#8217;arbres. La cueillette de plantes sera tiss\u00e9e dans les paniers d&#8217;osier. Un bel apr\u00e8s-midi de marche et activit\u00e9 manuelle. Excellent pour la t\u00eate.<\/p>\n\n\n\n<p class=\"wp-block-paragraph\"><em>&#8220;Ici, j&#8217;ai du toron de paille et puis il y a de la tresse de raphia. Ou autrement, simplement du rotin, on peut tr\u00e8s bien mettre avec. Et, tout \u00e7a, on peut ligaturer l&#8217;un et l&#8217;autre&#8230; Je vais commencer par la fleur et puis la mettre comme ceci et je commence. Et l\u00e0, je peux faire d&#8217;une fa\u00e7on de tressage. Je peux soit mettre tout le tour la m\u00eame chose en faisant \u00e7a comme ceci, devant un, derri\u00e8re un, et \u00e7a vous fera toute une bande qui est \u00e0 ce niveau-l\u00e0 avec ceci.&#8221;<\/em><\/p>\n","protected":false},"excerpt":{"rendered":"<p>Apr\u00e8s une ballade de 30 minutes, arriv\u00e9e \u00e0 La Coudre, une magnifique ferme au pied du Jura pour un atelier de vannerie un peu diff\u00e9rent. D&#8217;abord, une balade dans la Chassagne d&#8217;Onnens, une prairie s\u00e8che sur les hauts du lac de Neuch\u00e2tel qui est maintenue gr\u00e2ce aux moutons y laissant une mosa\u00efque de buissons, de [&hellip;]<\/p>\n","protected":false},"author":1,"featured_media":12949,"comment_status":"closed","ping_status":"open","sticky":false,"template":"","format":"standard","meta":{"_jetpack_newsletter_access":"","_jetpack_dont_email_post_to_subs":false,"_jetpack_newsletter_tier_id":0,"_jetpack_memberships_contains_paywalled_content":false,"_jetpack_feature_clip_id":0,"_jetpack_memberships_contains_paid_content":false,"footnotes":"","jetpack_post_was_ever_published":false},"categories":[134],"tags":[67,28,29],"class_list":["post-12844","post","type-post","status-publish","format-standard","has-post-thumbnail","hentry","category-courses","tag-creativity","tag-nature","tag-trees"],"jetpack_sharing_enabled":true,"jetpack_featured_media_url":"https:\/\/i0.wp.com\/redheadwithabrain.ch\/wp-content\/uploads\/2023\/07\/PXL_20230610_142114818-scaled.jpg?fit=1928%2C2560&ssl=1","_links":{"self":[{"href":"https:\/\/redheadwithabrain.ch\/index.php\/wp-json\/wp\/v2\/posts\/12844","targetHints":{"allow":["GET"]}}],"collection":[{"href":"https:\/\/redheadwithabrain.ch\/index.php\/wp-json\/wp\/v2\/posts"}],"about":[{"href":"https:\/\/redheadwithabrain.ch\/index.php\/wp-json\/wp\/v2\/types\/post"}],"author":[{"embeddable":true,"href":"https:\/\/redheadwithabrain.ch\/index.php\/wp-json\/wp\/v2\/users\/1"}],"replies":[{"embeddable":true,"href":"https:\/\/redheadwithabrain.ch\/index.php\/wp-json\/wp\/v2\/comments?post=12844"}],"version-history":[{"count":3,"href":"https:\/\/redheadwithabrain.ch\/index.php\/wp-json\/wp\/v2\/posts\/12844\/revisions"}],"predecessor-version":[{"id":12950,"href":"https:\/\/redheadwithabrain.ch\/index.php\/wp-json\/wp\/v2\/posts\/12844\/revisions\/12950"}],"wp:featuredmedia":[{"embeddable":true,"href":"https:\/\/redheadwithabrain.ch\/index.php\/wp-json\/wp\/v2\/media\/12949"}],"wp:attachment":[{"href":"https:\/\/redheadwithabrain.ch\/index.php\/wp-json\/wp\/v2\/media?parent=12844"}],"wp:term":[{"taxonomy":"category","embeddable":true,"href":"https:\/\/redheadwithabrain.ch\/index.php\/wp-json\/wp\/v2\/categories?post=12844"},{"taxonomy":"post_tag","embeddable":true,"href":"https:\/\/redheadwithabrain.ch\/index.php\/wp-json\/wp\/v2\/tags?post=12844"}],"curies":[{"name":"wp","href":"https:\/\/api.w.org\/{rel}","templated":true}]}}