{"id":12879,"date":"2023-06-17T14:07:11","date_gmt":"2023-06-17T12:07:11","guid":{"rendered":"https:\/\/redheadwithabrain.ch\/?p=12879"},"modified":"2023-06-24T14:19:52","modified_gmt":"2023-06-24T12:19:52","slug":"des-cheveux-des-poils-musee-des-arts-decoratifs-paris-2023","status":"publish","type":"post","link":"https:\/\/redheadwithabrain.ch\/index.php\/2023\/06\/17\/des-cheveux-des-poils-musee-des-arts-decoratifs-paris-2023\/","title":{"rendered":"Des cheveux &#038; des poils &#8211; Mus\u00e9e des arts d\u00e9coratifs &#8211; Paris (2023)"},"content":{"rendered":"\n<p class=\"wp-block-paragraph\">Cheveux et poils sont tr\u00e8s pr\u00e9sents dans les discussions d&#8217;aujourd&#8217;hui. La belle barbe de l&#8217;hipster, les poils sous les bras des f\u00e9ministes pures et dures. Cette exposition montre que \u00e7a a finalement toujours \u00e9t\u00e9 le cas. Un signe de domination des femmes par les hommes au d\u00e9but, un signe de l&#8217;entr\u00e9e dans l&#8217;\u00e2ge adulte des jeunes gar\u00e7ons qui se coupaient les cheveux pour la premi\u00e8re fois \u00e0 l&#8217;adolescence&#8230; et les portaient donc longs jusque-l\u00e0, un signe de conformisme \u00e0 la mode au XVIIe si\u00e8cle avec visage imberbe et perruque. Comme tout \u00e9l\u00e9ment de mode, il y a eu des va-et-vient entre visages poilus ou lisses. Une exposition int\u00e9ressante avec plus de 600 \u0153uvres qui fait bien le tour du sujet.<\/p>\n\n\n\n<p class=\"wp-block-paragraph\"><em>&#8220;Dans l&#8217;Occident m\u00e9di\u00e9val et au d\u00e9but de l&#8217;\u00e9poque moderne, la plupart des femmes ont la t\u00eate couverte d&#8217;un voile, d&#8217;un chaperon ou d&#8217;une coiffe lorsqu&#8217;elles sortent de chez elles. Ce faisant, elles se conforment au cadre normatif fix\u00e9 par les textes bibliques et leurs interpr\u00e8tes, en particulier la premi\u00e8re \u00e9pitre de Paul aux Corinthiens (1 Cor 11. 5-15) \u00e9crite vers 55-56 de notre \u00e8re. L&#8217;ap\u00f4tre y \u00e9tablit les r\u00e8gles suivantes : une femme doit se couvrir pour prier et avoir les cheveux longs. Ayant \u00e9t\u00e9 cr\u00e9\u00e9e pour l&#8217;homme, elle doit porter sur la t\u00eate une marque d&#8217;autorit\u00e9 que les ex\u00e9g\u00e8tes ont mat\u00e9rialis\u00e9e par un voile.&#8221;<\/em><\/p>\n","protected":false},"excerpt":{"rendered":"<p>Cheveux et poils sont tr\u00e8s pr\u00e9sents dans les discussions d&#8217;aujourd&#8217;hui. La belle barbe de l&#8217;hipster, les poils sous les bras des f\u00e9ministes pures et dures. Cette exposition montre que \u00e7a a finalement toujours \u00e9t\u00e9 le cas. Un signe de domination des femmes par les hommes au d\u00e9but, un signe de l&#8217;entr\u00e9e dans l&#8217;\u00e2ge adulte des [&hellip;]<\/p>\n","protected":false},"author":1,"featured_media":12908,"comment_status":"closed","ping_status":"open","sticky":false,"template":"","format":"standard","meta":{"_jetpack_newsletter_access":"","_jetpack_dont_email_post_to_subs":false,"_jetpack_newsletter_tier_id":0,"_jetpack_memberships_contains_paywalled_content":false,"_jetpack_feature_clip_id":0,"_jetpack_memberships_contains_paid_content":false,"footnotes":"","jetpack_post_was_ever_published":false},"categories":[117],"tags":[30,112,51],"class_list":["post-12879","post","type-post","status-publish","format-standard","has-post-thumbnail","hentry","category-exhibitions","tag-activism","tag-history","tag-identity"],"jetpack_sharing_enabled":true,"jetpack_featured_media_url":"https:\/\/i0.wp.com\/redheadwithabrain.ch\/wp-content\/uploads\/2023\/06\/corina-rainer-0BhtgavNYCk-unsplash-1-scaled.jpg?fit=1707%2C2560&ssl=1","_links":{"self":[{"href":"https:\/\/redheadwithabrain.ch\/index.php\/wp-json\/wp\/v2\/posts\/12879","targetHints":{"allow":["GET"]}}],"collection":[{"href":"https:\/\/redheadwithabrain.ch\/index.php\/wp-json\/wp\/v2\/posts"}],"about":[{"href":"https:\/\/redheadwithabrain.ch\/index.php\/wp-json\/wp\/v2\/types\/post"}],"author":[{"embeddable":true,"href":"https:\/\/redheadwithabrain.ch\/index.php\/wp-json\/wp\/v2\/users\/1"}],"replies":[{"embeddable":true,"href":"https:\/\/redheadwithabrain.ch\/index.php\/wp-json\/wp\/v2\/comments?post=12879"}],"version-history":[{"count":3,"href":"https:\/\/redheadwithabrain.ch\/index.php\/wp-json\/wp\/v2\/posts\/12879\/revisions"}],"predecessor-version":[{"id":12907,"href":"https:\/\/redheadwithabrain.ch\/index.php\/wp-json\/wp\/v2\/posts\/12879\/revisions\/12907"}],"wp:featuredmedia":[{"embeddable":true,"href":"https:\/\/redheadwithabrain.ch\/index.php\/wp-json\/wp\/v2\/media\/12908"}],"wp:attachment":[{"href":"https:\/\/redheadwithabrain.ch\/index.php\/wp-json\/wp\/v2\/media?parent=12879"}],"wp:term":[{"taxonomy":"category","embeddable":true,"href":"https:\/\/redheadwithabrain.ch\/index.php\/wp-json\/wp\/v2\/categories?post=12879"},{"taxonomy":"post_tag","embeddable":true,"href":"https:\/\/redheadwithabrain.ch\/index.php\/wp-json\/wp\/v2\/tags?post=12879"}],"curies":[{"name":"wp","href":"https:\/\/api.w.org\/{rel}","templated":true}]}}