{"id":12882,"date":"2023-06-18T09:41:00","date_gmt":"2023-06-18T07:41:00","guid":{"rendered":"https:\/\/redheadwithabrain.ch\/?p=12882"},"modified":"2023-07-04T21:12:36","modified_gmt":"2023-07-04T19:12:36","slug":"jardin-des-plantes-paris-2023","status":"publish","type":"post","link":"https:\/\/redheadwithabrain.ch\/index.php\/2023\/06\/18\/jardin-des-plantes-paris-2023\/","title":{"rendered":"Jardin des plantes &#8211; Paris (2023)"},"content":{"rendered":"\n<p class=\"wp-block-paragraph\">Vieux de quatre si\u00e8cles, le Jardin des Plantes est le c\u0153ur du Mus\u00e9um national d\u2019Histoire naturelle. C&#8217;est un institut de recherche qui contient des jardins, mais \u00e9galement une m\u00e9nagerie, que nous ne sommes pas all\u00e9s voir, de tr\u00e8s belles serres et des galeries. C&#8217;est surtout un lieu de promenade et de course \u00e0 pied, endroit id\u00e9al pour y faire son yoga. Un beau jardin au centre de Paris.<\/p>\n\n\n\n<p class=\"wp-block-paragraph\"><em>&#8220;Une partie (la plus ancienne) du Jardin des Plantes, \u00e0 Paris, a \u00e9t\u00e9 dessin\u00e9e selon un plan g\u00e9om\u00e9trique, formant un rectangle d\u2019environ quatre cents m\u00e8tres de longueur sur cinquante de large et qui s\u2019\u00e9tend depuis les quais de la Seine jusqu\u2019au b\u00e2timent principal du Mus\u00e9um, d\u2019un m\u00e9diocre int\u00e9r\u00eat architectural. La vaste esplanade est encadr\u00e9e par deux all\u00e9es de platanes dont les feuillages \u00e9mond\u00e9s chaque ann\u00e9e forment deux murailles continues, rectilignes, de chaque c\u00f4t\u00e9 de pelouses et de banquettes de fleurs renouvel\u00e9es selon les saisons. Il appara\u00eet que l\u2019homme s\u2019est appliqu\u00e9 l\u00e0 \u00e0 pour ainsi dire domestiquer, asservir la nature, contrariant son exub\u00e9rance et sa d\u00e9mesure pour la plier \u00e0 une volont\u00e9 d\u2019ordre et de domination, de m\u00eame que les r\u00e8gles du th\u00e9\u00e2tre classique enferment le langage dans une forme elle aussi artificielle, \u00e0 l\u2019oppos\u00e9 de la fa\u00e7on d\u00e9sordonn\u00e9e dont s\u2019ext\u00e9riorisent naturellement les passions. (Le jardin des plantes. Claude Simon. 1997)&#8221;<\/em><\/p>\n","protected":false},"excerpt":{"rendered":"<p>Vieux de quatre si\u00e8cles, le Jardin des Plantes est le c\u0153ur du Mus\u00e9um national d\u2019Histoire naturelle. C&#8217;est un institut de recherche qui contient des jardins, mais \u00e9galement une m\u00e9nagerie, que nous ne sommes pas all\u00e9s voir, de tr\u00e8s belles serres et des galeries. C&#8217;est surtout un lieu de promenade et de course \u00e0 pied, endroit [&hellip;]<\/p>\n","protected":false},"author":1,"featured_media":12984,"comment_status":"closed","ping_status":"open","sticky":false,"template":"","format":"standard","meta":{"_jetpack_newsletter_access":"","_jetpack_dont_email_post_to_subs":false,"_jetpack_newsletter_tier_id":0,"_jetpack_memberships_contains_paywalled_content":false,"_jetpack_feature_clip_id":0,"_jetpack_memberships_contains_paid_content":false,"footnotes":"","jetpack_post_was_ever_published":false},"categories":[6],"tags":[112,28,218],"class_list":["post-12882","post","type-post","status-publish","format-standard","has-post-thumbnail","hentry","category-bits-bobs","tag-history","tag-nature","tag-science"],"jetpack_sharing_enabled":true,"jetpack_featured_media_url":"https:\/\/i0.wp.com\/redheadwithabrain.ch\/wp-content\/uploads\/2023\/07\/PXL_20230615_122058536-scaled.jpg?fit=2560%2C1928&ssl=1","_links":{"self":[{"href":"https:\/\/redheadwithabrain.ch\/index.php\/wp-json\/wp\/v2\/posts\/12882","targetHints":{"allow":["GET"]}}],"collection":[{"href":"https:\/\/redheadwithabrain.ch\/index.php\/wp-json\/wp\/v2\/posts"}],"about":[{"href":"https:\/\/redheadwithabrain.ch\/index.php\/wp-json\/wp\/v2\/types\/post"}],"author":[{"embeddable":true,"href":"https:\/\/redheadwithabrain.ch\/index.php\/wp-json\/wp\/v2\/users\/1"}],"replies":[{"embeddable":true,"href":"https:\/\/redheadwithabrain.ch\/index.php\/wp-json\/wp\/v2\/comments?post=12882"}],"version-history":[{"count":1,"href":"https:\/\/redheadwithabrain.ch\/index.php\/wp-json\/wp\/v2\/posts\/12882\/revisions"}],"predecessor-version":[{"id":12986,"href":"https:\/\/redheadwithabrain.ch\/index.php\/wp-json\/wp\/v2\/posts\/12882\/revisions\/12986"}],"wp:featuredmedia":[{"embeddable":true,"href":"https:\/\/redheadwithabrain.ch\/index.php\/wp-json\/wp\/v2\/media\/12984"}],"wp:attachment":[{"href":"https:\/\/redheadwithabrain.ch\/index.php\/wp-json\/wp\/v2\/media?parent=12882"}],"wp:term":[{"taxonomy":"category","embeddable":true,"href":"https:\/\/redheadwithabrain.ch\/index.php\/wp-json\/wp\/v2\/categories?post=12882"},{"taxonomy":"post_tag","embeddable":true,"href":"https:\/\/redheadwithabrain.ch\/index.php\/wp-json\/wp\/v2\/tags?post=12882"}],"curies":[{"name":"wp","href":"https:\/\/api.w.org\/{rel}","templated":true}]}}