{"id":12893,"date":"2023-06-22T14:43:32","date_gmt":"2023-06-22T12:43:32","guid":{"rendered":"https:\/\/redheadwithabrain.ch\/?p=12893"},"modified":"2026-01-17T19:04:53","modified_gmt":"2026-01-17T18:04:53","slug":"nabucco-guiseppe-verdi-1842","status":"publish","type":"post","link":"https:\/\/redheadwithabrain.ch\/index.php\/2023\/06\/22\/nabucco-guiseppe-verdi-1842\/","title":{"rendered":"Nabucco &#8211; Guiseppe Verdi (1842)"},"content":{"rendered":"\n<p class=\"wp-block-paragraph\">L&#8217;histoire se passe \u00e0 Babylone o\u00f9 les esclaves H\u00e9breux sont en exil suite \u00e0 leur conqu\u00eate par le roi babylonien Nabucco (Nabuchodonosor II). Osant d\u00e9fier leur dieu, Nabucco sera foudroy\u00e9 et sa fille Abigaille, en r\u00e9alit\u00e9 fille d&#8217;esclave, va prendre sa place et condamner \u00e0 mort tous les h\u00e9breux et la vraie fille de Nabucco, Fenela. Mais Nabucco va se repentir, prier le Dieu des Juifs et r\u00e9ussira \u00e0 sauver sa fille et le peuple des H\u00e9breux. Abigaille meurt empoisonn\u00e9e en demandant pardon. La mise en sc\u00e8ne au Grand Th\u00e9\u00e2tre est incroyable, deux grands miroirs qui pivotent, un plan d&#8217;eau, les chants qui s&#8217;\u00e9l\u00e8vent dans le public. Mais, surtout, le plus bel aria de tous les op\u00e9ras, &#8220;Va pensiero&#8221;, chant\u00e9 une premi\u00e8re fois durant le troisi\u00e8me acte et repris une deuxi\u00e8me fois avec tous les chanteurs dans la salle et les paroles qui d\u00e9filent pour clore le spectacle. Juste merveilleux. <\/p>\n\n\n\n<p class=\"has-text-align-center wp-block-paragraph\">&#8220;<em>Va, pensiero, sull\u2019ali dorate;<\/em><br><em>Va, ti posa sui clivi, sui colli,<\/em><br><em>Ove olezzano tepide e molli<\/em><br><em>L&#8217;aure dolci del suolo natal!<\/em><\/p>\n\n\n\n<p class=\"has-text-align-center wp-block-paragraph\"><em>Del Giordano le rive saluta,<\/em><br><em>Di Sionne le torri atterrate&#8230;<\/em><br><em>Oh mia patria s\u00ec bella e perduta!<\/em><br><em>Oh membranza s\u00ec cara e fatal!<\/em><\/p>\n\n\n\n<p class=\"has-text-align-center wp-block-paragraph\"><em>Arpa d&#8217;or dei fatidici vati,<\/em><br><em>Perch\u00e9 muta dal salice pendi?<\/em><br><em>Le memorie nel petto riaccendi,<\/em><br><em>Ci favella del tempo che fu!<\/em><\/p>\n\n\n\n<p class=\"has-text-align-center wp-block-paragraph\"><em>O simile di Solima ai fati<\/em><br><em>Traggi un suono di crudo lamento,<\/em><br><em>O t&#8217;ispiri il Signore un concento<\/em><br><em>Che ne infonda al patire virt\u00f9!<\/em>&#8220;<\/p>\n\n\n\n<p class=\"has-text-align-center wp-block-paragraph\"><em>&#8220;Va, pens\u00e9e, sur tes ailes dor\u00e9es&nbsp;;<br>Va, pose-toi sur les pentes, sur les collines,<br>O\u00f9 embaument, ti\u00e8des et suaves,<br>Les douces brises du sol natal&nbsp;!<\/em><\/p>\n\n\n\n<p class=\"has-text-align-center wp-block-paragraph\"><em>Salue les rives du Jourdain,<br>Les tours abattues de Sion &#8230;<br>Oh ma patrie si belle et perdue&nbsp;!<br>\u00d4 souvenir si cher et funeste&nbsp;!<\/em><\/p>\n\n\n\n<p class=\"has-text-align-center wp-block-paragraph\"><em>Harpe d&#8217;or des devins fatidiques,<br>Pourquoi, muette, pends-tu au saule&nbsp;?<br>Rallume les souvenirs dans le c\u0153ur,<br>Parle-nous du temps pass\u00e9&nbsp;!<\/em><\/p>\n\n\n\n<p class=\"has-text-align-center wp-block-paragraph\"><em>Semblable au destin de Solime<br>Joue le son d&#8217;une cruelle lamentation<br>Ou bien que le Seigneur t&#8217;inspire une harmonie<br>Qui nous donne le courage de supporter nos souffrances&nbsp;!&#8221;<\/em><\/p>\n\n\n\n<p class=\"wp-block-paragraph\" style=\"font-size:15px\"><strong><mark style=\"background-color:rgba(0, 0, 0, 0)\" class=\"has-inline-color has-colibri-color-4-color\">Cr\u00e9\u00e9 en 1842 au Teatro alla Scala de Milan<br>Derni\u00e8re fois au Grand Th\u00e9\u00e2tre de Gen\u00e8ve en 2013-2014<\/mark><\/strong><\/p>\n","protected":false},"excerpt":{"rendered":"<p>L&#8217;histoire se passe \u00e0 Babylone o\u00f9 les esclaves H\u00e9breux sont en exil suite \u00e0 leur conqu\u00eate par le roi babylonien Nabucco (Nabuchodonosor II). Osant d\u00e9fier leur dieu, Nabucco sera foudroy\u00e9 et sa fille Abigaille, en r\u00e9alit\u00e9 fille d&#8217;esclave, va prendre sa place et condamner \u00e0 mort tous les h\u00e9breux et la vraie fille de Nabucco, [&hellip;]<\/p>\n","protected":false},"author":1,"featured_media":12989,"comment_status":"closed","ping_status":"open","sticky":false,"template":"","format":"standard","meta":{"_jetpack_newsletter_access":"","_jetpack_dont_email_post_to_subs":false,"_jetpack_newsletter_tier_id":0,"_jetpack_memberships_contains_paywalled_content":false,"_jetpack_feature_clip_id":0,"_jetpack_memberships_contains_paid_content":false,"footnotes":"","jetpack_post_was_ever_published":false},"categories":[5],"tags":[112,43,107],"class_list":["post-12893","post","type-post","status-publish","format-standard","has-post-thumbnail","hentry","category-operas","tag-history","tag-racism","tag-religion"],"jetpack_sharing_enabled":true,"jetpack_featured_media_url":"https:\/\/i0.wp.com\/redheadwithabrain.ch\/wp-content\/uploads\/2023\/07\/marcel-strauss-O3nODu2KQ-unsplash-scaled.jpg?fit=1707%2C2560&ssl=1","_links":{"self":[{"href":"https:\/\/redheadwithabrain.ch\/index.php\/wp-json\/wp\/v2\/posts\/12893","targetHints":{"allow":["GET"]}}],"collection":[{"href":"https:\/\/redheadwithabrain.ch\/index.php\/wp-json\/wp\/v2\/posts"}],"about":[{"href":"https:\/\/redheadwithabrain.ch\/index.php\/wp-json\/wp\/v2\/types\/post"}],"author":[{"embeddable":true,"href":"https:\/\/redheadwithabrain.ch\/index.php\/wp-json\/wp\/v2\/users\/1"}],"replies":[{"embeddable":true,"href":"https:\/\/redheadwithabrain.ch\/index.php\/wp-json\/wp\/v2\/comments?post=12893"}],"version-history":[{"count":6,"href":"https:\/\/redheadwithabrain.ch\/index.php\/wp-json\/wp\/v2\/posts\/12893\/revisions"}],"predecessor-version":[{"id":20038,"href":"https:\/\/redheadwithabrain.ch\/index.php\/wp-json\/wp\/v2\/posts\/12893\/revisions\/20038"}],"wp:featuredmedia":[{"embeddable":true,"href":"https:\/\/redheadwithabrain.ch\/index.php\/wp-json\/wp\/v2\/media\/12989"}],"wp:attachment":[{"href":"https:\/\/redheadwithabrain.ch\/index.php\/wp-json\/wp\/v2\/media?parent=12893"}],"wp:term":[{"taxonomy":"category","embeddable":true,"href":"https:\/\/redheadwithabrain.ch\/index.php\/wp-json\/wp\/v2\/categories?post=12893"},{"taxonomy":"post_tag","embeddable":true,"href":"https:\/\/redheadwithabrain.ch\/index.php\/wp-json\/wp\/v2\/tags?post=12893"}],"curies":[{"name":"wp","href":"https:\/\/api.w.org\/{rel}","templated":true}]}}