{"id":12993,"date":"2023-07-05T15:13:17","date_gmt":"2023-07-05T13:13:17","guid":{"rendered":"https:\/\/redheadwithabrain.ch\/?p=12993"},"modified":"2024-03-08T19:24:57","modified_gmt":"2024-03-08T18:24:57","slug":"frida-kahlo-gee-fan-eng-maria-isabel-sanchez-vegara-2023","status":"publish","type":"post","link":"https:\/\/redheadwithabrain.ch\/index.php\/2023\/07\/05\/frida-kahlo-gee-fan-eng-maria-isabel-sanchez-vegara-2023\/","title":{"rendered":"Frida Kahlo &#8211; Gee Fan Eng &#038; Maria Isabel S\u00e1nchez Vegara (2023)"},"content":{"rendered":"\n<p class=\"wp-block-paragraph\">Dans la s\u00e9rie petite &amp; GRANDE qui fait d\u00e9couvrir des femmes exceptionnelles, c&#8217;est au tour de Frida Kahlo. Sa vie d&#8217;enfant, l&#8217;accident d&#8217;autocar qui changera sa vie, son mariage avec Diego Rivera, ses douleurs incessantes et la cr\u00e9ativit\u00e9 qui en \u00e9mergera. Un joli r\u00e9sum\u00e9 de cette vie hors norme.<\/p>\n\n\n\n<p class=\"wp-block-paragraph\"><em>&#8220;Retenons la belle le\u00e7on que nous offre Frida Kahlo : m\u00eame dans la maladie, la vie nous r\u00e9serve des cadeaux !&#8221;<\/em><\/p>\n\n\n\n<p class=\"wp-block-paragraph\" style=\"font-size:15px\"><strong><mark style=\"background-color:rgba(0, 0, 0, 0)\" class=\"has-inline-color has-colibri-color-4-color\">Probablement traduit, mais donn\u00e9es impossibles \u00e0 trouver<\/mark><\/strong><\/p>\n\n\n\n<figure class=\"wp-block-image size-large\"><img data-recalc-dims=\"1\" loading=\"lazy\" decoding=\"async\" width=\"886\" height=\"1024\" src=\"https:\/\/i0.wp.com\/redheadwithabrain.ch\/wp-content\/uploads\/2023\/07\/PXL_20230709_0951218872.jpg?resize=886%2C1024&#038;ssl=1\" alt=\"\" class=\"wp-image-12999\" srcset=\"https:\/\/i0.wp.com\/redheadwithabrain.ch\/wp-content\/uploads\/2023\/07\/PXL_20230709_0951218872-scaled.jpg?resize=886%2C1024&amp;ssl=1 886w, https:\/\/i0.wp.com\/redheadwithabrain.ch\/wp-content\/uploads\/2023\/07\/PXL_20230709_0951218872-scaled.jpg?resize=260%2C300&amp;ssl=1 260w, https:\/\/i0.wp.com\/redheadwithabrain.ch\/wp-content\/uploads\/2023\/07\/PXL_20230709_0951218872-scaled.jpg?resize=768%2C888&amp;ssl=1 768w, https:\/\/i0.wp.com\/redheadwithabrain.ch\/wp-content\/uploads\/2023\/07\/PXL_20230709_0951218872-scaled.jpg?resize=1329%2C1536&amp;ssl=1 1329w, https:\/\/i0.wp.com\/redheadwithabrain.ch\/wp-content\/uploads\/2023\/07\/PXL_20230709_0951218872-scaled.jpg?resize=1772%2C2048&amp;ssl=1 1772w, https:\/\/i0.wp.com\/redheadwithabrain.ch\/wp-content\/uploads\/2023\/07\/PXL_20230709_0951218872-scaled.jpg?w=2000&amp;ssl=1 2000w\" sizes=\"auto, (max-width: 886px) 100vw, 886px\" \/><\/figure>\n","protected":false},"excerpt":{"rendered":"<p>Dans la s\u00e9rie petite &amp; GRANDE qui fait d\u00e9couvrir des femmes exceptionnelles, c&#8217;est au tour de Frida Kahlo. Sa vie d&#8217;enfant, l&#8217;accident d&#8217;autocar qui changera sa vie, son mariage avec Diego Rivera, ses douleurs incessantes et la cr\u00e9ativit\u00e9 qui en \u00e9mergera. Un joli r\u00e9sum\u00e9 de cette vie hors norme. &#8220;Retenons la belle le\u00e7on que nous [&hellip;]<\/p>\n","protected":false},"author":1,"featured_media":12998,"comment_status":"closed","ping_status":"open","sticky":false,"template":"","format":"standard","meta":{"_jetpack_newsletter_access":"","_jetpack_dont_email_post_to_subs":false,"_jetpack_newsletter_tier_id":0,"_jetpack_memberships_contains_paywalled_content":false,"_jetpack_feature_clip_id":0,"_jetpack_memberships_contains_paid_content":false,"footnotes":"","jetpack_post_was_ever_published":false},"categories":[216],"tags":[67,98,109],"class_list":["post-12993","post","type-post","status-publish","format-standard","has-post-thumbnail","hentry","category-graphic-2023","tag-creativity","tag-life","tag-pain"],"jetpack_sharing_enabled":true,"jetpack_featured_media_url":"https:\/\/i0.wp.com\/redheadwithabrain.ch\/wp-content\/uploads\/2023\/07\/jeremy-lwanga-azE50UpJDP0-unsplash-scaled.jpg?fit=2167%2C2560&ssl=1","_links":{"self":[{"href":"https:\/\/redheadwithabrain.ch\/index.php\/wp-json\/wp\/v2\/posts\/12993","targetHints":{"allow":["GET"]}}],"collection":[{"href":"https:\/\/redheadwithabrain.ch\/index.php\/wp-json\/wp\/v2\/posts"}],"about":[{"href":"https:\/\/redheadwithabrain.ch\/index.php\/wp-json\/wp\/v2\/types\/post"}],"author":[{"embeddable":true,"href":"https:\/\/redheadwithabrain.ch\/index.php\/wp-json\/wp\/v2\/users\/1"}],"replies":[{"embeddable":true,"href":"https:\/\/redheadwithabrain.ch\/index.php\/wp-json\/wp\/v2\/comments?post=12993"}],"version-history":[{"count":2,"href":"https:\/\/redheadwithabrain.ch\/index.php\/wp-json\/wp\/v2\/posts\/12993\/revisions"}],"predecessor-version":[{"id":14941,"href":"https:\/\/redheadwithabrain.ch\/index.php\/wp-json\/wp\/v2\/posts\/12993\/revisions\/14941"}],"wp:featuredmedia":[{"embeddable":true,"href":"https:\/\/redheadwithabrain.ch\/index.php\/wp-json\/wp\/v2\/media\/12998"}],"wp:attachment":[{"href":"https:\/\/redheadwithabrain.ch\/index.php\/wp-json\/wp\/v2\/media?parent=12993"}],"wp:term":[{"taxonomy":"category","embeddable":true,"href":"https:\/\/redheadwithabrain.ch\/index.php\/wp-json\/wp\/v2\/categories?post=12993"},{"taxonomy":"post_tag","embeddable":true,"href":"https:\/\/redheadwithabrain.ch\/index.php\/wp-json\/wp\/v2\/tags?post=12993"}],"curies":[{"name":"wp","href":"https:\/\/api.w.org\/{rel}","templated":true}]}}