{"id":13010,"date":"2023-07-11T01:26:00","date_gmt":"2023-07-10T23:26:00","guid":{"rendered":"https:\/\/redheadwithabrain.ch\/?p=13010"},"modified":"2023-07-16T18:23:47","modified_gmt":"2023-07-16T16:23:47","slug":"di-genfe-kapelye-concert-dete-en-vieille-ville-2023","status":"publish","type":"post","link":"https:\/\/redheadwithabrain.ch\/index.php\/2023\/07\/11\/di-genfe-kapelye-concert-dete-en-vieille-ville-2023\/","title":{"rendered":"Di Genfe Kapelye &#8211; Concert d&#8217;\u00e9t\u00e9 en Vieille-Ville (2023)"},"content":{"rendered":"\n<p class=\"wp-block-paragraph\">Di Genfe Kapelye est un ensemble de musique klezmer qui aujourd&#8217;hui se produit avec Bianca Favez au violon, C\u00e9dric Uriel Asseo \u00e0 la fl\u00fbte mandingue et au saxophone, Pierre-Yves T\u00eatu \u00e0 l&#8217;accord\u00e9on et \u00e0 la guitare et David Morhain \u00e0 la percussion. Ils nous ont propos\u00e9 une heure de musique klezmer, air hassidiques ou jud\u00e9o-espagnols dans l&#8217;\u00c9glise luth\u00e9rienne du Bourg-de-Four. Le public n&#8217;\u00e9tait pas tr\u00e8s jeune et difficile \u00e0 solliciter pour taper des mains ou chanter, mais c&#8217;est toujours un plaisir d&#8217;\u00e9couter cette musique entra\u00eenante et de voir jouer mon ami percussionniste. Une jolie et inhabituelle pause de midi. <\/p>\n","protected":false},"excerpt":{"rendered":"<p>Di Genfe Kapelye est un ensemble de musique klezmer qui aujourd&#8217;hui se produit avec Bianca Favez au violon, C\u00e9dric Uriel Asseo \u00e0 la fl\u00fbte mandingue et au saxophone, Pierre-Yves T\u00eatu \u00e0 l&#8217;accord\u00e9on et \u00e0 la guitare et David Morhain \u00e0 la percussion. Ils nous ont propos\u00e9 une heure de musique klezmer, air hassidiques ou jud\u00e9o-espagnols [&hellip;]<\/p>\n","protected":false},"author":1,"featured_media":13103,"comment_status":"closed","ping_status":"open","sticky":false,"template":"","format":"standard","meta":{"_jetpack_newsletter_access":"","_jetpack_dont_email_post_to_subs":false,"_jetpack_newsletter_tier_id":0,"_jetpack_memberships_contains_paywalled_content":false,"_jetpack_feature_clip_id":0,"_jetpack_memberships_contains_paid_content":false,"footnotes":"","jetpack_post_was_ever_published":false},"categories":[3],"tags":[36,51,113],"class_list":["post-13010","post","type-post","status-publish","format-standard","has-post-thumbnail","hentry","category-concerts","tag-friendship","tag-identity","tag-music"],"jetpack_sharing_enabled":true,"jetpack_featured_media_url":"https:\/\/i0.wp.com\/redheadwithabrain.ch\/wp-content\/uploads\/2023\/07\/david-holifield-TLZKlOBOsLs-unsplash-scaled.jpg?fit=2560%2C1870&ssl=1","_links":{"self":[{"href":"https:\/\/redheadwithabrain.ch\/index.php\/wp-json\/wp\/v2\/posts\/13010","targetHints":{"allow":["GET"]}}],"collection":[{"href":"https:\/\/redheadwithabrain.ch\/index.php\/wp-json\/wp\/v2\/posts"}],"about":[{"href":"https:\/\/redheadwithabrain.ch\/index.php\/wp-json\/wp\/v2\/types\/post"}],"author":[{"embeddable":true,"href":"https:\/\/redheadwithabrain.ch\/index.php\/wp-json\/wp\/v2\/users\/1"}],"replies":[{"embeddable":true,"href":"https:\/\/redheadwithabrain.ch\/index.php\/wp-json\/wp\/v2\/comments?post=13010"}],"version-history":[{"count":2,"href":"https:\/\/redheadwithabrain.ch\/index.php\/wp-json\/wp\/v2\/posts\/13010\/revisions"}],"predecessor-version":[{"id":13110,"href":"https:\/\/redheadwithabrain.ch\/index.php\/wp-json\/wp\/v2\/posts\/13010\/revisions\/13110"}],"wp:featuredmedia":[{"embeddable":true,"href":"https:\/\/redheadwithabrain.ch\/index.php\/wp-json\/wp\/v2\/media\/13103"}],"wp:attachment":[{"href":"https:\/\/redheadwithabrain.ch\/index.php\/wp-json\/wp\/v2\/media?parent=13010"}],"wp:term":[{"taxonomy":"category","embeddable":true,"href":"https:\/\/redheadwithabrain.ch\/index.php\/wp-json\/wp\/v2\/categories?post=13010"},{"taxonomy":"post_tag","embeddable":true,"href":"https:\/\/redheadwithabrain.ch\/index.php\/wp-json\/wp\/v2\/tags?post=13010"}],"curies":[{"name":"wp","href":"https:\/\/api.w.org\/{rel}","templated":true}]}}