{"id":13565,"date":"2023-09-16T14:03:41","date_gmt":"2023-09-16T12:03:41","guid":{"rendered":"https:\/\/redheadwithabrain.ch\/?p=13565"},"modified":"2023-10-26T18:34:21","modified_gmt":"2023-10-26T16:34:21","slug":"terminus-elicius-karine-giebel-2004","status":"publish","type":"post","link":"https:\/\/redheadwithabrain.ch\/index.php\/2023\/09\/16\/terminus-elicius-karine-giebel-2004\/","title":{"rendered":"Terminus Elicius &#8211; Karine Gi\u00e9bel (2004)"},"content":{"rendered":"\n<p class=\"wp-block-paragraph\">Jeanne est une jeune femme perdue, d\u00e9pendante de sa m\u00e8re, d\u00e9pendante de son pass\u00e9, complex\u00e9e, invisible. Mais soudain, un inconnu commence \u00e0 lui \u00e9crire des lettres, des lettres d&#8217;amour puis des confessions. Et Jeanne est s\u00e9duite, quelqu&#8217;un s&#8217;int\u00e9resse \u00e0 elle, quelqu&#8217;un l&#8217;aime. Mais, les confessions sont  lourdes \u00e0 porter, elle qui travaille \u00e0 la police, doit-elle parler ? Trahir ? Un roman bien construit autour de l&#8217;abus, de l&#8217;emprise psychologique, de la loyaut\u00e9, mais \u00e0 quel prix. Premier roman de Karine Gi\u00e9bel et premier que j&#8217;ai lu. Une belle d\u00e9couverte.<\/p>\n\n\n\n<p class=\"wp-block-paragraph\"><em>&#8220;\u00c7a me ferait du bien de pleurer. Pourquoi j\u2019y arrive pas ? Est-ce qu\u2019on a une quantit\u00e9 de larmes \u00e0 la naissance ? C\u2019est peut-\u00eatre \u00e7a. Oui, j\u2019ai d\u00fb \u00e9puiser le stock.&#8221;<\/em><\/p>\n","protected":false},"excerpt":{"rendered":"<p>Jeanne est une jeune femme perdue, d\u00e9pendante de sa m\u00e8re, d\u00e9pendante de son pass\u00e9, complex\u00e9e, invisible. Mais soudain, un inconnu commence \u00e0 lui \u00e9crire des lettres, des lettres d&#8217;amour puis des confessions. Et Jeanne est s\u00e9duite, quelqu&#8217;un s&#8217;int\u00e9resse \u00e0 elle, quelqu&#8217;un l&#8217;aime. Mais, les confessions sont lourdes \u00e0 porter, elle qui travaille \u00e0 la police, [&hellip;]<\/p>\n","protected":false},"author":1,"featured_media":13570,"comment_status":"closed","ping_status":"open","sticky":false,"template":"","format":"standard","meta":{"_jetpack_newsletter_access":"","_jetpack_dont_email_post_to_subs":false,"_jetpack_newsletter_tier_id":0,"_jetpack_memberships_contains_paywalled_content":false,"_jetpack_feature_clip_id":0,"_jetpack_memberships_contains_paid_content":false,"footnotes":"","jetpack_post_was_ever_published":false},"categories":[214,247,210],"tags":[111,59,44],"class_list":["post-13565","post","type-post","status-publish","format-standard","has-post-thumbnail","hentry","category-books-2023","category-challenge-abc-2023-2024","category-challenge-solidaire-2023","tag-abuse","tag-crime","tag-hopelessness"],"jetpack_sharing_enabled":true,"jetpack_featured_media_url":"https:\/\/i0.wp.com\/redheadwithabrain.ch\/wp-content\/uploads\/2023\/09\/charles-forerunner-gapYVvUg1M8-unsplash-1-scaled.jpg?fit=2560%2C1707&ssl=1","_links":{"self":[{"href":"https:\/\/redheadwithabrain.ch\/index.php\/wp-json\/wp\/v2\/posts\/13565","targetHints":{"allow":["GET"]}}],"collection":[{"href":"https:\/\/redheadwithabrain.ch\/index.php\/wp-json\/wp\/v2\/posts"}],"about":[{"href":"https:\/\/redheadwithabrain.ch\/index.php\/wp-json\/wp\/v2\/types\/post"}],"author":[{"embeddable":true,"href":"https:\/\/redheadwithabrain.ch\/index.php\/wp-json\/wp\/v2\/users\/1"}],"replies":[{"embeddable":true,"href":"https:\/\/redheadwithabrain.ch\/index.php\/wp-json\/wp\/v2\/comments?post=13565"}],"version-history":[{"count":3,"href":"https:\/\/redheadwithabrain.ch\/index.php\/wp-json\/wp\/v2\/posts\/13565\/revisions"}],"predecessor-version":[{"id":13571,"href":"https:\/\/redheadwithabrain.ch\/index.php\/wp-json\/wp\/v2\/posts\/13565\/revisions\/13571"}],"wp:featuredmedia":[{"embeddable":true,"href":"https:\/\/redheadwithabrain.ch\/index.php\/wp-json\/wp\/v2\/media\/13570"}],"wp:attachment":[{"href":"https:\/\/redheadwithabrain.ch\/index.php\/wp-json\/wp\/v2\/media?parent=13565"}],"wp:term":[{"taxonomy":"category","embeddable":true,"href":"https:\/\/redheadwithabrain.ch\/index.php\/wp-json\/wp\/v2\/categories?post=13565"},{"taxonomy":"post_tag","embeddable":true,"href":"https:\/\/redheadwithabrain.ch\/index.php\/wp-json\/wp\/v2\/tags?post=13565"}],"curies":[{"name":"wp","href":"https:\/\/api.w.org\/{rel}","templated":true}]}}