{"id":13582,"date":"2023-09-23T17:07:32","date_gmt":"2023-09-23T15:07:32","guid":{"rendered":"https:\/\/redheadwithabrain.ch\/?p=13582"},"modified":"2023-10-26T18:33:44","modified_gmt":"2023-10-26T16:33:44","slug":"jumelle-tome-1-inseparables-florence-dupre-la-tour-2023","status":"publish","type":"post","link":"https:\/\/redheadwithabrain.ch\/index.php\/2023\/09\/23\/jumelle-tome-1-inseparables-florence-dupre-la-tour-2023\/","title":{"rendered":"Jumelle &#8211; Tome 1. Ins\u00e9parables &#8211; Florence Dupr\u00e9 la Tour (2023)"},"content":{"rendered":"\n<p class=\"wp-block-paragraph\">Apparemment, nous cherchons tous notre \u00e2me s\u0153ur, que parfois, nous la trouvons et parfois, nous mourrons sans y \u00eatre parvenu. Mais, qu&#8217;en est-il quand on a une s\u0153ur jumelle ? Est-ce elle notre \u00e2me s\u0153ur ? Cette histoire, autobiographie de l&#8217;auteur, nous raconte ses premi\u00e8res ann\u00e9es de vie avec sa jumelle, une fusion \u00e0 toute \u00e9preuve, une repr\u00e9sentation de l&#8217;\u00e9quivalent d&#8217;un couple dans la t\u00eate de Florence, couple dont elle serait l&#8217;homme. Quelques d\u00e9ceptions, jalousies, mais un couple qui tient la route pour le moment. Suite au prochain \u00e9pisode. Une tr\u00e8s jolie bande dessin\u00e9e, qui d\u00e9voile des sentiments pas toujours purs, mais au moins sinc\u00e8res, un dessin un peu na\u00eff et color\u00e9 qui j&#8217;adore.<\/p>\n\n\n\n<p class=\"wp-block-paragraph\"><em>&#8220;Comment faisaient-ils, les&#8221; TOUSEUL&#8221; ? Comment faisaient-ils pour ne pas \u00eatre terrass\u00e9s de solitude ?&#8221;<\/em><\/p>\n\n\n\n<figure class=\"wp-block-image size-full\"><img data-recalc-dims=\"1\" loading=\"lazy\" decoding=\"async\" width=\"1852\" height=\"2560\" src=\"https:\/\/i0.wp.com\/redheadwithabrain.ch\/wp-content\/uploads\/2023\/09\/PXL_20230923_0831336912-scaled.jpg?resize=1852%2C2560&#038;ssl=1\" alt=\"\" class=\"wp-image-13597\" srcset=\"https:\/\/i0.wp.com\/redheadwithabrain.ch\/wp-content\/uploads\/2023\/09\/PXL_20230923_0831336912-scaled.jpg?w=1852&amp;ssl=1 1852w, https:\/\/i0.wp.com\/redheadwithabrain.ch\/wp-content\/uploads\/2023\/09\/PXL_20230923_0831336912-scaled.jpg?resize=217%2C300&amp;ssl=1 217w, https:\/\/i0.wp.com\/redheadwithabrain.ch\/wp-content\/uploads\/2023\/09\/PXL_20230923_0831336912-scaled.jpg?resize=741%2C1024&amp;ssl=1 741w, https:\/\/i0.wp.com\/redheadwithabrain.ch\/wp-content\/uploads\/2023\/09\/PXL_20230923_0831336912-scaled.jpg?resize=768%2C1061&amp;ssl=1 768w, https:\/\/i0.wp.com\/redheadwithabrain.ch\/wp-content\/uploads\/2023\/09\/PXL_20230923_0831336912-scaled.jpg?resize=1111%2C1536&amp;ssl=1 1111w, https:\/\/i0.wp.com\/redheadwithabrain.ch\/wp-content\/uploads\/2023\/09\/PXL_20230923_0831336912-scaled.jpg?resize=1482%2C2048&amp;ssl=1 1482w\" sizes=\"auto, (max-width: 1000px) 100vw, 1000px\" \/><\/figure>\n","protected":false},"excerpt":{"rendered":"<p>Apparemment, nous cherchons tous notre \u00e2me s\u0153ur, que parfois, nous la trouvons et parfois, nous mourrons sans y \u00eatre parvenu. Mais, qu&#8217;en est-il quand on a une s\u0153ur jumelle ? Est-ce elle notre \u00e2me s\u0153ur ? Cette histoire, autobiographie de l&#8217;auteur, nous raconte ses premi\u00e8res ann\u00e9es de vie avec sa jumelle, une fusion \u00e0 toute [&hellip;]<\/p>\n","protected":false},"author":1,"featured_media":13589,"comment_status":"closed","ping_status":"open","sticky":false,"template":"","format":"standard","meta":{"_jetpack_newsletter_access":"","_jetpack_dont_email_post_to_subs":false,"_jetpack_newsletter_tier_id":0,"_jetpack_memberships_contains_paywalled_content":false,"_jetpack_feature_clip_id":0,"_jetpack_memberships_contains_paid_content":false,"footnotes":"","jetpack_post_was_ever_published":false},"categories":[247,216],"tags":[31,51,167],"class_list":["post-13582","post","type-post","status-publish","format-standard","has-post-thumbnail","hentry","category-challenge-abc-2023-2024","category-graphic-2023","tag-family","tag-identity","tag-siblings"],"jetpack_sharing_enabled":true,"jetpack_featured_media_url":"https:\/\/i0.wp.com\/redheadwithabrain.ch\/wp-content\/uploads\/2023\/09\/tim-bish-fJ8XR7gIDGo-unsplash-scaled.jpg?fit=1707%2C2560&ssl=1","_links":{"self":[{"href":"https:\/\/redheadwithabrain.ch\/index.php\/wp-json\/wp\/v2\/posts\/13582","targetHints":{"allow":["GET"]}}],"collection":[{"href":"https:\/\/redheadwithabrain.ch\/index.php\/wp-json\/wp\/v2\/posts"}],"about":[{"href":"https:\/\/redheadwithabrain.ch\/index.php\/wp-json\/wp\/v2\/types\/post"}],"author":[{"embeddable":true,"href":"https:\/\/redheadwithabrain.ch\/index.php\/wp-json\/wp\/v2\/users\/1"}],"replies":[{"embeddable":true,"href":"https:\/\/redheadwithabrain.ch\/index.php\/wp-json\/wp\/v2\/comments?post=13582"}],"version-history":[{"count":4,"href":"https:\/\/redheadwithabrain.ch\/index.php\/wp-json\/wp\/v2\/posts\/13582\/revisions"}],"predecessor-version":[{"id":13598,"href":"https:\/\/redheadwithabrain.ch\/index.php\/wp-json\/wp\/v2\/posts\/13582\/revisions\/13598"}],"wp:featuredmedia":[{"embeddable":true,"href":"https:\/\/redheadwithabrain.ch\/index.php\/wp-json\/wp\/v2\/media\/13589"}],"wp:attachment":[{"href":"https:\/\/redheadwithabrain.ch\/index.php\/wp-json\/wp\/v2\/media?parent=13582"}],"wp:term":[{"taxonomy":"category","embeddable":true,"href":"https:\/\/redheadwithabrain.ch\/index.php\/wp-json\/wp\/v2\/categories?post=13582"},{"taxonomy":"post_tag","embeddable":true,"href":"https:\/\/redheadwithabrain.ch\/index.php\/wp-json\/wp\/v2\/tags?post=13582"}],"curies":[{"name":"wp","href":"https:\/\/api.w.org\/{rel}","templated":true}]}}