{"id":13610,"date":"2023-10-08T11:10:21","date_gmt":"2023-10-08T09:10:21","guid":{"rendered":"https:\/\/redheadwithabrain.ch\/?p=13610"},"modified":"2023-10-26T18:31:24","modified_gmt":"2023-10-26T16:31:24","slug":"fragments-anais-schenke-2023","status":"publish","type":"post","link":"https:\/\/redheadwithabrain.ch\/index.php\/2023\/10\/08\/fragments-anais-schenke-2023\/","title":{"rendered":"Fragments &#8211; Ana\u00efs Schenk\u00e9 (2023)"},"content":{"rendered":"\n<p class=\"wp-block-paragraph\">Sous-titr\u00e9 &#8220;Rassembler les c\u0153urs bris\u00e9s&#8221;, c&#8217;est le c\u0153ur de Coline qui est au centre de cette histoire. Quitt\u00e9e par Aubin le lendemain de ses 30 ans, sans explication et n&#8217;ayant rien vu venir, Coline se retrouve avec un trou b\u00e9ant \u00e0 la place du c\u0153ur et ne sait plus o\u00f9 elle va. Elle passe au travers des phases d&#8217;un deuil classique, mais renomm\u00e9es ici : tr\u00e9bucher, sombrer, rallumer, s&#8217;effondrer, reprendre son souffle, rassembler&#8230; et finalement affleurer, joli jeu de mot pour cette fleuriste, revenir \u00e0 la surface&#8230; mais diff\u00e9rente. Une rupture et une reconstruction magnifiquement racont\u00e9es. <\/p>\n\n\n\n<p class=\"wp-block-paragraph\"><em>&#8220;\u00c0 cause de lui, j&#8217;ai red\u00e9couvert la peur d&#8217;avoir mal. La crainte visc\u00e9rale d&#8217;\u00eatre bless\u00e9e, si fort, qu&#8217;on a l&#8217;impression qu&#8217;on ne pourra jamais revenir des affres de cette douleur. J&#8217;ai perdu mon insouciance, l&#8217;illusion que tout est beau, que tout cela en vaut la peine.&#8221;<\/em><\/p>\n\n\n<div class=\"wp-block-image\">\n<figure class=\"aligncenter size-large\"><img data-recalc-dims=\"1\" loading=\"lazy\" decoding=\"async\" width=\"670\" height=\"1024\" src=\"https:\/\/i0.wp.com\/redheadwithabrain.ch\/wp-content\/uploads\/2023\/10\/PXL_20231008_0901590832.jpg?resize=670%2C1024&#038;ssl=1\" alt=\"\" class=\"wp-image-13615\" srcset=\"https:\/\/i0.wp.com\/redheadwithabrain.ch\/wp-content\/uploads\/2023\/10\/PXL_20231008_0901590832-scaled.jpg?resize=670%2C1024&amp;ssl=1 670w, https:\/\/i0.wp.com\/redheadwithabrain.ch\/wp-content\/uploads\/2023\/10\/PXL_20231008_0901590832-scaled.jpg?resize=196%2C300&amp;ssl=1 196w, https:\/\/i0.wp.com\/redheadwithabrain.ch\/wp-content\/uploads\/2023\/10\/PXL_20231008_0901590832-scaled.jpg?resize=768%2C1174&amp;ssl=1 768w, https:\/\/i0.wp.com\/redheadwithabrain.ch\/wp-content\/uploads\/2023\/10\/PXL_20231008_0901590832-scaled.jpg?resize=1005%2C1536&amp;ssl=1 1005w, https:\/\/i0.wp.com\/redheadwithabrain.ch\/wp-content\/uploads\/2023\/10\/PXL_20231008_0901590832-scaled.jpg?resize=1340%2C2048&amp;ssl=1 1340w, https:\/\/i0.wp.com\/redheadwithabrain.ch\/wp-content\/uploads\/2023\/10\/PXL_20231008_0901590832-scaled.jpg?w=1675&amp;ssl=1 1675w\" sizes=\"auto, (max-width: 670px) 100vw, 670px\" \/><\/figure>\n<\/div>","protected":false},"excerpt":{"rendered":"<p>Sous-titr\u00e9 &#8220;Rassembler les c\u0153urs bris\u00e9s&#8221;, c&#8217;est le c\u0153ur de Coline qui est au centre de cette histoire. Quitt\u00e9e par Aubin le lendemain de ses 30 ans, sans explication et n&#8217;ayant rien vu venir, Coline se retrouve avec un trou b\u00e9ant \u00e0 la place du c\u0153ur et ne sait plus o\u00f9 elle va. Elle passe au [&hellip;]<\/p>\n","protected":false},"author":1,"featured_media":13612,"comment_status":"closed","ping_status":"open","sticky":false,"template":"","format":"standard","meta":{"_jetpack_newsletter_access":"","_jetpack_dont_email_post_to_subs":false,"_jetpack_newsletter_tier_id":0,"_jetpack_memberships_contains_paywalled_content":false,"_jetpack_feature_clip_id":0,"_jetpack_memberships_contains_paid_content":false,"footnotes":"","jetpack_post_was_ever_published":false},"categories":[247,216],"tags":[19,109,13],"class_list":["post-13610","post","type-post","status-publish","format-standard","has-post-thumbnail","hentry","category-challenge-abc-2023-2024","category-graphic-2023","tag-love","tag-pain","tag-resilience"],"jetpack_sharing_enabled":true,"jetpack_featured_media_url":"https:\/\/i0.wp.com\/redheadwithabrain.ch\/wp-content\/uploads\/2023\/10\/miha-arh-CzyKdV_Zjmo-unsplash-scaled.jpg?fit=2560%2C1707&ssl=1","_links":{"self":[{"href":"https:\/\/redheadwithabrain.ch\/index.php\/wp-json\/wp\/v2\/posts\/13610","targetHints":{"allow":["GET"]}}],"collection":[{"href":"https:\/\/redheadwithabrain.ch\/index.php\/wp-json\/wp\/v2\/posts"}],"about":[{"href":"https:\/\/redheadwithabrain.ch\/index.php\/wp-json\/wp\/v2\/types\/post"}],"author":[{"embeddable":true,"href":"https:\/\/redheadwithabrain.ch\/index.php\/wp-json\/wp\/v2\/users\/1"}],"replies":[{"embeddable":true,"href":"https:\/\/redheadwithabrain.ch\/index.php\/wp-json\/wp\/v2\/comments?post=13610"}],"version-history":[{"count":5,"href":"https:\/\/redheadwithabrain.ch\/index.php\/wp-json\/wp\/v2\/posts\/13610\/revisions"}],"predecessor-version":[{"id":13620,"href":"https:\/\/redheadwithabrain.ch\/index.php\/wp-json\/wp\/v2\/posts\/13610\/revisions\/13620"}],"wp:featuredmedia":[{"embeddable":true,"href":"https:\/\/redheadwithabrain.ch\/index.php\/wp-json\/wp\/v2\/media\/13612"}],"wp:attachment":[{"href":"https:\/\/redheadwithabrain.ch\/index.php\/wp-json\/wp\/v2\/media?parent=13610"}],"wp:term":[{"taxonomy":"category","embeddable":true,"href":"https:\/\/redheadwithabrain.ch\/index.php\/wp-json\/wp\/v2\/categories?post=13610"},{"taxonomy":"post_tag","embeddable":true,"href":"https:\/\/redheadwithabrain.ch\/index.php\/wp-json\/wp\/v2\/tags?post=13610"}],"curies":[{"name":"wp","href":"https:\/\/api.w.org\/{rel}","templated":true}]}}