{"id":13832,"date":"2023-11-15T14:11:31","date_gmt":"2023-11-15T13:11:31","guid":{"rendered":"https:\/\/redheadwithabrain.ch\/?p=13832"},"modified":"2024-03-08T20:21:59","modified_gmt":"2024-03-08T19:21:59","slug":"las-viudas-de-los-jueves-les-veuves-du-jeudi-humberto-hinojosa-2023","status":"publish","type":"post","link":"https:\/\/redheadwithabrain.ch\/index.php\/2023\/11\/15\/las-viudas-de-los-jueves-les-veuves-du-jeudi-humberto-hinojosa-2023\/","title":{"rendered":"Las viudas de los jueves (Les veuves du jeudi) &#8211; Humberto Hinojosa (2023)"},"content":{"rendered":"\n<p class=\"wp-block-paragraph\">Au Mexique, dans une de ces riches propri\u00e9t\u00e9s ferm\u00e9es au monde, trois hommes sont retrouv\u00e9s morts dans la piscine. Trois maris fortun\u00e9s, poss\u00e9dant de magnifiques propri\u00e9t\u00e9s et des femmes d&#8217;une beaut\u00e9 fantastique. Mais que s&#8217;est-il pass\u00e9 ? En six \u00e9pisodes, Mavi, la narratrice, d\u00e9roule lentement l&#8217;intrigue, nous plongeant \u00e9pisode apr\u00e8s \u00e9pisode dans l&#8217;intimit\u00e9 des familles de ces veuves du jeudi devenues des veuves tout court. L&#8217;intrigue est int\u00e9ressante, m\u00eame si l&#8217;on comprend tr\u00e8s vite o\u00f9 l&#8217;histoire veut en venir. Cependant, je n&#8217;ai pas r\u00e9ussi \u00e0 d\u00e9passer le sordide de l&#8217;intrigue, le caract\u00e8re ex\u00e9crable des maris, la vie inutile des femmes et comprendre l&#8217;utilit\u00e9 des sc\u00e8nes de sexe. Un peu d\u00e9\u00e7ue.<\/p>\n\n\n\n<p class=\"wp-block-paragraph\"><em>&#8220;Mon grand-p\u00e8re disait une phrase que j&#8217;adorais : la vie, c&#8217;est ce qu&#8217;on fait avec notre temps, pas ce qu&#8217;il fait de nous. Vita \u00e8 tempo. Car le temps, c&#8217;est tout ce qu&#8217;on a. Et la valeur que tu accordes \u00e0 ton temps est proportionnelle \u00e0 ton courage dans la vie.&#8221;<\/em><\/p>\n\n\n\n<p class=\"wp-block-paragraph\" style=\"font-size:15px\"><strong><mark style=\"background-color:rgba(0, 0, 0, 0)\" class=\"has-inline-color has-colibri-color-4-color\">Six \u00e9pisodes d&#8217;environ 45 minutes<\/mark><\/strong><\/p>\n\n\n\n<p class=\"wp-block-paragraph\" style=\"font-size:15px\">\u00c9pisode 1. Tout expliquer<br>\u00c9pisode 2. La famille Scaglia<br>\u00c9pisode 3. La Famille Andrade<br>\u00c9pisode 4. La famille De La Luna<br>\u00c9pisode 5. La famille Maldonado<br>\u00c9pisode 6. La famille Guevara<\/p>\n\n\n\n<p class=\"wp-block-paragraph\" style=\"font-size:15px\"><strong><mark style=\"background-color:rgba(0, 0, 0, 0)\" class=\"has-inline-color has-colibri-color-4-color\">Regard\u00e9 en espagnol avec les sous-titres en fran\u00e7ais<\/mark><\/strong><\/p>\n","protected":false},"excerpt":{"rendered":"<p>Au Mexique, dans une de ces riches propri\u00e9t\u00e9s ferm\u00e9es au monde, trois hommes sont retrouv\u00e9s morts dans la piscine. Trois maris fortun\u00e9s, poss\u00e9dant de magnifiques propri\u00e9t\u00e9s et des femmes d&#8217;une beaut\u00e9 fantastique. Mais que s&#8217;est-il pass\u00e9 ? En six \u00e9pisodes, Mavi, la narratrice, d\u00e9roule lentement l&#8217;intrigue, nous plongeant \u00e9pisode apr\u00e8s \u00e9pisode dans l&#8217;intimit\u00e9 des familles [&hellip;]<\/p>\n","protected":false},"author":1,"featured_media":13888,"comment_status":"closed","ping_status":"open","sticky":false,"template":"","format":"standard","meta":{"_jetpack_newsletter_access":"","_jetpack_dont_email_post_to_subs":false,"_jetpack_newsletter_tier_id":0,"_jetpack_memberships_contains_paywalled_content":false,"_jetpack_feature_clip_id":0,"_jetpack_memberships_contains_paid_content":false,"footnotes":"","jetpack_post_was_ever_published":false},"categories":[4],"tags":[44,64,65],"class_list":["post-13832","post","type-post","status-publish","format-standard","has-post-thumbnail","hentry","category-series","tag-hopelessness","tag-madness","tag-sadness"],"jetpack_sharing_enabled":true,"jetpack_featured_media_url":"https:\/\/i0.wp.com\/redheadwithabrain.ch\/wp-content\/uploads\/2023\/11\/jubeo-hernandez-ZmWLGkPe1Sg-unsplash-scaled-e1700377247253.jpg?fit=1920%2C1755&ssl=1","_links":{"self":[{"href":"https:\/\/redheadwithabrain.ch\/index.php\/wp-json\/wp\/v2\/posts\/13832","targetHints":{"allow":["GET"]}}],"collection":[{"href":"https:\/\/redheadwithabrain.ch\/index.php\/wp-json\/wp\/v2\/posts"}],"about":[{"href":"https:\/\/redheadwithabrain.ch\/index.php\/wp-json\/wp\/v2\/types\/post"}],"author":[{"embeddable":true,"href":"https:\/\/redheadwithabrain.ch\/index.php\/wp-json\/wp\/v2\/users\/1"}],"replies":[{"embeddable":true,"href":"https:\/\/redheadwithabrain.ch\/index.php\/wp-json\/wp\/v2\/comments?post=13832"}],"version-history":[{"count":3,"href":"https:\/\/redheadwithabrain.ch\/index.php\/wp-json\/wp\/v2\/posts\/13832\/revisions"}],"predecessor-version":[{"id":14964,"href":"https:\/\/redheadwithabrain.ch\/index.php\/wp-json\/wp\/v2\/posts\/13832\/revisions\/14964"}],"wp:featuredmedia":[{"embeddable":true,"href":"https:\/\/redheadwithabrain.ch\/index.php\/wp-json\/wp\/v2\/media\/13888"}],"wp:attachment":[{"href":"https:\/\/redheadwithabrain.ch\/index.php\/wp-json\/wp\/v2\/media?parent=13832"}],"wp:term":[{"taxonomy":"category","embeddable":true,"href":"https:\/\/redheadwithabrain.ch\/index.php\/wp-json\/wp\/v2\/categories?post=13832"},{"taxonomy":"post_tag","embeddable":true,"href":"https:\/\/redheadwithabrain.ch\/index.php\/wp-json\/wp\/v2\/tags?post=13832"}],"curies":[{"name":"wp","href":"https:\/\/api.w.org\/{rel}","templated":true}]}}