{"id":13894,"date":"2023-11-23T10:09:12","date_gmt":"2023-11-23T09:09:12","guid":{"rendered":"https:\/\/redheadwithabrain.ch\/?p=13894"},"modified":"2023-11-26T10:24:21","modified_gmt":"2023-11-26T09:24:21","slug":"jai-huit-ans-et-je-mappelle-jean-rochefort-adele-fugere-2023","status":"publish","type":"post","link":"https:\/\/redheadwithabrain.ch\/index.php\/2023\/11\/23\/jai-huit-ans-et-je-mappelle-jean-rochefort-adele-fugere-2023\/","title":{"rendered":"J&#8217;ai huit ans et je m&#8217;appelle Jean Rochefort &#8211; Ad\u00e8le Fug\u00e8re (2023)"},"content":{"rendered":"\n<p class=\"wp-block-paragraph\">Rosalie a huit ans. Elle est d\u00e9prim\u00e9e, bouscul\u00e9e par la vie et ses injustices. Un matin, elle se r\u00e9veille avec une moustache. Elle est devenue Jean Rochefort. Cette moustache semble lui donner de la force, pour dire ce  qu&#8217;elle pense \u00e0 son maitre d&#8217;\u00e9cole, pour remettre en place une camarade de classe qui est hautaine, pour oser approcher d&#8217;autres enfants. Quand elle aura fait tout \u00e7a, sa moustache se d\u00e9tachera tout naturellement. Un bizarre tout petit roman, \u00e9crit avec les mots d&#8217;une enfant de huit ans, autour de probl\u00e8mes trop adultes pour cet \u00e2ge&#8230; Tr\u00e8s mignon.<\/p>\n\n\n\n<p class=\"wp-block-paragraph\"><em>&#8220;Et depuis quand tu t&#8217;appelles Jean Rochefort ?!<br>&#8211; Depuis ce matin. Vois-tu, maman, quand le bateau de la vie est d\u00e9j\u00e0 loin sur la mer, le capitaine doit savoir faire le point dans la temp\u00eate. J&#8217;ai fait le point. Avec Dieu. Je Lui ai demand\u00e9 hier soir qu&#8217;il se passe quelque chose. Et ce matin, je m&#8217;appelle Jean Rochefort.<br>&#8211; D&#8217;accord. Mais cette moustache ?!<br>&#8211; C&#8217;est ma moustache.<br>&#8211; Et pourquoi tu portes la moustache ?<br>&#8211; Parce que sans moustache, j&#8217;ai l&#8217;impression de ne plus avoir de slip.&#8221;<\/em><\/p>\n","protected":false},"excerpt":{"rendered":"<p>Rosalie a huit ans. Elle est d\u00e9prim\u00e9e, bouscul\u00e9e par la vie et ses injustices. Un matin, elle se r\u00e9veille avec une moustache. Elle est devenue Jean Rochefort. Cette moustache semble lui donner de la force, pour dire ce qu&#8217;elle pense \u00e0 son maitre d&#8217;\u00e9cole, pour remettre en place une camarade de classe qui est hautaine, [&hellip;]<\/p>\n","protected":false},"author":1,"featured_media":13904,"comment_status":"closed","ping_status":"open","sticky":false,"template":"","format":"standard","meta":{"_jetpack_newsletter_access":"","_jetpack_dont_email_post_to_subs":false,"_jetpack_newsletter_tier_id":0,"_jetpack_memberships_contains_paywalled_content":false,"_jetpack_feature_clip_id":0,"_jetpack_memberships_contains_paid_content":false,"footnotes":"","jetpack_post_was_ever_published":false},"categories":[214],"tags":[42,146,36],"class_list":["post-13894","post","type-post","status-publish","format-standard","has-post-thumbnail","hentry","category-books-2023","tag-childhood","tag-despair","tag-friendship"],"jetpack_sharing_enabled":true,"jetpack_featured_media_url":"https:\/\/i0.wp.com\/redheadwithabrain.ch\/wp-content\/uploads\/2023\/11\/bianca-berndt-7fzINre0NQE-unsplash-scaled-e1700990695885.jpg?fit=2560%2C1309&ssl=1","_links":{"self":[{"href":"https:\/\/redheadwithabrain.ch\/index.php\/wp-json\/wp\/v2\/posts\/13894","targetHints":{"allow":["GET"]}}],"collection":[{"href":"https:\/\/redheadwithabrain.ch\/index.php\/wp-json\/wp\/v2\/posts"}],"about":[{"href":"https:\/\/redheadwithabrain.ch\/index.php\/wp-json\/wp\/v2\/types\/post"}],"author":[{"embeddable":true,"href":"https:\/\/redheadwithabrain.ch\/index.php\/wp-json\/wp\/v2\/users\/1"}],"replies":[{"embeddable":true,"href":"https:\/\/redheadwithabrain.ch\/index.php\/wp-json\/wp\/v2\/comments?post=13894"}],"version-history":[{"count":4,"href":"https:\/\/redheadwithabrain.ch\/index.php\/wp-json\/wp\/v2\/posts\/13894\/revisions"}],"predecessor-version":[{"id":13905,"href":"https:\/\/redheadwithabrain.ch\/index.php\/wp-json\/wp\/v2\/posts\/13894\/revisions\/13905"}],"wp:featuredmedia":[{"embeddable":true,"href":"https:\/\/redheadwithabrain.ch\/index.php\/wp-json\/wp\/v2\/media\/13904"}],"wp:attachment":[{"href":"https:\/\/redheadwithabrain.ch\/index.php\/wp-json\/wp\/v2\/media?parent=13894"}],"wp:term":[{"taxonomy":"category","embeddable":true,"href":"https:\/\/redheadwithabrain.ch\/index.php\/wp-json\/wp\/v2\/categories?post=13894"},{"taxonomy":"post_tag","embeddable":true,"href":"https:\/\/redheadwithabrain.ch\/index.php\/wp-json\/wp\/v2\/tags?post=13894"}],"curies":[{"name":"wp","href":"https:\/\/api.w.org\/{rel}","templated":true}]}}