{"id":13950,"date":"2023-12-25T08:58:28","date_gmt":"2023-12-25T07:58:28","guid":{"rendered":"https:\/\/redheadwithabrain.ch\/?p=13950"},"modified":"2023-12-30T16:40:16","modified_gmt":"2023-12-30T15:40:16","slug":"jonathan-integrale-tome-1-2-3-cosey-1975-1976-1977","status":"publish","type":"post","link":"https:\/\/redheadwithabrain.ch\/index.php\/2023\/12\/25\/jonathan-integrale-tome-1-2-3-cosey-1975-1976-1977\/","title":{"rendered":"Jonathan &#8211; Int\u00e9grale Tomes 1 \u00b7 2 \u00b7 3 &#8211; Cosey (1975, 1976 &#038; 1977)"},"content":{"rendered":"\n<p class=\"wp-block-paragraph\">\u00c0 la suite de la visite de l&#8217;<a href=\"https:\/\/redheadwithabrain.ch\/index.php\/2023\/11\/21\/cosey-un-tibet-dessine-tibet-museum\/\">exposition de Cosey<\/a> \u00e0 Gruy\u00e8res, il fallait relire les Jonathan. Cette premi\u00e8re int\u00e9grale rassemble les trois premi\u00e8res bandes dessin\u00e9es. Le Tome 1, &#8220;Souviens-toi Jonathan&#8221;, est la rencontre avec Jonathan, amn\u00e9sique, qui va se souvenir graduellement de ce qu&#8217;il a oubli\u00e9, avec d\u00e9chirement et tristesse. Le Tome 2, &#8220;Et la montagne chantera pour toi&#8221;, toujours au Tibet, Jonathan va rencontrer un jeune chinois, trouver des armes pour les Khambas et arrive \u00e0 l\u00e2cher son d\u00e9sir de vengeance. Le Tome 3, &#8220;Pieds nus sous les Rhododendrons&#8221; est surtout la rencontre avec Dzaza Dzongzong et Drolma, qui va l&#8217;accompagner dans les \u00e9pisodes suivants. L&#8217;int\u00e9grale est richement pr\u00e9fac\u00e9e par un entretien avec Cosey lui-m\u00eame et par Claude B. Levenson, qui tous deux placent les Jonathan tant dans un contexte de processus cr\u00e9atif que dans un contexte historique. Une plong\u00e9e dans mon adolescence, presque nostalgique. <\/p>\n\n\n\n<p class=\"wp-block-paragraph\"><em>&#8220;- Mais d&#8217;abord&#8230; dis-moi&#8230; Pourquoi cette rencontre dans la nuit ?!&#8230; <br>&#8211; Voil\u00e0 bien une curiosit\u00e9 d&#8217;Europ\u00e9en !&#8230; Je t&#8217;ai aper\u00e7u de loin, je savais que tu venais pour moi, et j&#8217;ai voulu te voir avant notre rencontre. <br>&#8211; Me voir ??<br>&#8211; Oui ! Tu n&#8217;as pas pu tricher, tu t&#8217;es montr\u00e9 tel que tu es. <br>&#8211; Mais&#8230; comment peux-tu ?&#8230; Il faisait trop noir !! On ne voyait rien.<br>&#8211; En effet ! Et c&#8217;est ce qui m&#8217;int\u00e9raissait.&#8221;<\/em><\/p>\n\n\n\n<figure class=\"wp-block-image size-large\"><img data-recalc-dims=\"1\" loading=\"lazy\" decoding=\"async\" width=\"1019\" height=\"1024\" src=\"https:\/\/i0.wp.com\/redheadwithabrain.ch\/wp-content\/uploads\/2023\/12\/PXL_20231230_1308539022.jpg?resize=1019%2C1024&#038;ssl=1\" alt=\"\" class=\"wp-image-14056\" srcset=\"https:\/\/i0.wp.com\/redheadwithabrain.ch\/wp-content\/uploads\/2023\/12\/PXL_20231230_1308539022-scaled.jpg?resize=1019%2C1024&amp;ssl=1 1019w, https:\/\/i0.wp.com\/redheadwithabrain.ch\/wp-content\/uploads\/2023\/12\/PXL_20231230_1308539022-scaled.jpg?resize=298%2C300&amp;ssl=1 298w, https:\/\/i0.wp.com\/redheadwithabrain.ch\/wp-content\/uploads\/2023\/12\/PXL_20231230_1308539022-scaled.jpg?resize=150%2C150&amp;ssl=1 150w, https:\/\/i0.wp.com\/redheadwithabrain.ch\/wp-content\/uploads\/2023\/12\/PXL_20231230_1308539022-scaled.jpg?resize=768%2C772&amp;ssl=1 768w, https:\/\/i0.wp.com\/redheadwithabrain.ch\/wp-content\/uploads\/2023\/12\/PXL_20231230_1308539022-scaled.jpg?resize=1528%2C1536&amp;ssl=1 1528w, https:\/\/i0.wp.com\/redheadwithabrain.ch\/wp-content\/uploads\/2023\/12\/PXL_20231230_1308539022-scaled.jpg?resize=2037%2C2048&amp;ssl=1 2037w\" sizes=\"auto, (max-width: 1000px) 100vw, 1000px\" \/><\/figure>\n","protected":false},"excerpt":{"rendered":"<p>\u00c0 la suite de la visite de l&#8217;exposition de Cosey \u00e0 Gruy\u00e8res, il fallait relire les Jonathan. Cette premi\u00e8re int\u00e9grale rassemble les trois premi\u00e8res bandes dessin\u00e9es. Le Tome 1, &#8220;Souviens-toi Jonathan&#8221;, est la rencontre avec Jonathan, amn\u00e9sique, qui va se souvenir graduellement de ce qu&#8217;il a oubli\u00e9, avec d\u00e9chirement et tristesse. Le Tome 2, &#8220;Et [&hellip;]<\/p>\n","protected":false},"author":1,"featured_media":14055,"comment_status":"closed","ping_status":"open","sticky":false,"template":"","format":"standard","meta":{"_jetpack_newsletter_access":"","_jetpack_dont_email_post_to_subs":false,"_jetpack_newsletter_tier_id":0,"_jetpack_memberships_contains_paywalled_content":false,"_jetpack_feature_clip_id":0,"_jetpack_memberships_contains_paid_content":false,"footnotes":"","jetpack_post_was_ever_published":false},"categories":[216],"tags":[112,107,80],"class_list":["post-13950","post","type-post","status-publish","format-standard","has-post-thumbnail","hentry","category-graphic-2023","tag-history","tag-religion","tag-travel"],"jetpack_sharing_enabled":true,"jetpack_featured_media_url":"https:\/\/i0.wp.com\/redheadwithabrain.ch\/wp-content\/uploads\/2023\/12\/soham-nandi-GCiWr0jd4oI-unsplash-scaled.jpg?fit=2560%2C1703&ssl=1","_links":{"self":[{"href":"https:\/\/redheadwithabrain.ch\/index.php\/wp-json\/wp\/v2\/posts\/13950","targetHints":{"allow":["GET"]}}],"collection":[{"href":"https:\/\/redheadwithabrain.ch\/index.php\/wp-json\/wp\/v2\/posts"}],"about":[{"href":"https:\/\/redheadwithabrain.ch\/index.php\/wp-json\/wp\/v2\/types\/post"}],"author":[{"embeddable":true,"href":"https:\/\/redheadwithabrain.ch\/index.php\/wp-json\/wp\/v2\/users\/1"}],"replies":[{"embeddable":true,"href":"https:\/\/redheadwithabrain.ch\/index.php\/wp-json\/wp\/v2\/comments?post=13950"}],"version-history":[{"count":4,"href":"https:\/\/redheadwithabrain.ch\/index.php\/wp-json\/wp\/v2\/posts\/13950\/revisions"}],"predecessor-version":[{"id":14062,"href":"https:\/\/redheadwithabrain.ch\/index.php\/wp-json\/wp\/v2\/posts\/13950\/revisions\/14062"}],"wp:featuredmedia":[{"embeddable":true,"href":"https:\/\/redheadwithabrain.ch\/index.php\/wp-json\/wp\/v2\/media\/14055"}],"wp:attachment":[{"href":"https:\/\/redheadwithabrain.ch\/index.php\/wp-json\/wp\/v2\/media?parent=13950"}],"wp:term":[{"taxonomy":"category","embeddable":true,"href":"https:\/\/redheadwithabrain.ch\/index.php\/wp-json\/wp\/v2\/categories?post=13950"},{"taxonomy":"post_tag","embeddable":true,"href":"https:\/\/redheadwithabrain.ch\/index.php\/wp-json\/wp\/v2\/tags?post=13950"}],"curies":[{"name":"wp","href":"https:\/\/api.w.org\/{rel}","templated":true}]}}