{"id":14084,"date":"2023-12-31T18:51:39","date_gmt":"2023-12-31T17:51:39","guid":{"rendered":"https:\/\/redheadwithabrain.ch\/?p=14084"},"modified":"2024-01-02T18:38:25","modified_gmt":"2024-01-02T17:38:25","slug":"le-horla-guy-de-maupassant-1886","status":"publish","type":"post","link":"https:\/\/redheadwithabrain.ch\/index.php\/2023\/12\/31\/le-horla-guy-de-maupassant-1886\/","title":{"rendered":"Le Horla &#8211; Guy de Maupassant (1886)"},"content":{"rendered":"\n<p class=\"wp-block-paragraph\">Un m\u00e9decin veut pr\u00e9senter le cas d&#8217;un de ses patients \u00e0 des coll\u00e8gues et le patient lui-m\u00eame raconte son histoire. Il relate comment, au d\u00e9part, il avait des malaises, des inqui\u00e9tudes et des col\u00e8res. Progressivement, il perd du poids et un de ses valets aussi. Il pense donc \u00e0 une maladie contagieuse. Un soir, il se couche avec une carafe d&#8217;eau sur la table de nuit et le lendemain, elle est vide. Il essaye avec du lait qu&#8217;il n&#8217;aime pas boire, vide aussi. D&#8217;autres choses bizarres se passent dans sa maison, bris de vaisselle, du lait qui disparait. Il arrive finalement \u00e0 surprendre cette pr\u00e9sence qui vient un soir dans sa chambre et se place entre lui et le miroir. Il ne voit pas l&#8217;\u00eatre, mais ne se voit pas dans le miroir. \u00c9pouvant\u00e9, il d\u00e9cide de se faire volontairement interner. <\/p>\n\n\n\n<p class=\"wp-block-paragraph\"><em>&#8220;Je me dressai, en me tournant si vite que je faillis tomber. Eh bien\u00a0!&#8230; On y voyait comme en plein jour&#8230; et je ne me vis pas dans ma glace\u00a0! Elle \u00e9tait vide, claire, pleine de lumi\u00e8re. Mon image n\u2019\u00e9tait pas dedans&#8230; Et j\u2019\u00e9tais en face&#8230; Je voyais le grand verre, limpide du haut en bas\u00a0! Et je regardais cela avec des yeux affol\u00e9s, et je n\u2019osais plus avancer, sentant bien qu\u2019il se trouvait entre nous, lui, et qu\u2019il m\u2019\u00e9chapperait encore, mais que son corps imperceptible avait absorb\u00e9 mon reflet.&#8221;<\/em><\/p>\n","protected":false},"excerpt":{"rendered":"<p>Un m\u00e9decin veut pr\u00e9senter le cas d&#8217;un de ses patients \u00e0 des coll\u00e8gues et le patient lui-m\u00eame raconte son histoire. Il relate comment, au d\u00e9part, il avait des malaises, des inqui\u00e9tudes et des col\u00e8res. Progressivement, il perd du poids et un de ses valets aussi. Il pense donc \u00e0 une maladie contagieuse. Un soir, il [&hellip;]<\/p>\n","protected":false},"author":1,"featured_media":14275,"comment_status":"closed","ping_status":"open","sticky":false,"template":"","format":"standard","meta":{"_jetpack_newsletter_access":"","_jetpack_dont_email_post_to_subs":false,"_jetpack_newsletter_tier_id":0,"_jetpack_memberships_contains_paywalled_content":false,"_jetpack_feature_clip_id":0,"_jetpack_memberships_contains_paid_content":false,"footnotes":"","jetpack_post_was_ever_published":false},"categories":[81],"tags":[71,208,64],"class_list":["post-14084","post","type-post","status-publish","format-standard","has-post-thumbnail","hentry","category-short-stories","tag-horror","tag-illness","tag-madness"],"jetpack_sharing_enabled":true,"jetpack_featured_media_url":"https:\/\/i0.wp.com\/redheadwithabrain.ch\/wp-content\/uploads\/2024\/01\/autoestima-cidada-Qx2DzMXbr7g-unsplash-scaled.jpg?fit=1707%2C2560&ssl=1","_links":{"self":[{"href":"https:\/\/redheadwithabrain.ch\/index.php\/wp-json\/wp\/v2\/posts\/14084","targetHints":{"allow":["GET"]}}],"collection":[{"href":"https:\/\/redheadwithabrain.ch\/index.php\/wp-json\/wp\/v2\/posts"}],"about":[{"href":"https:\/\/redheadwithabrain.ch\/index.php\/wp-json\/wp\/v2\/types\/post"}],"author":[{"embeddable":true,"href":"https:\/\/redheadwithabrain.ch\/index.php\/wp-json\/wp\/v2\/users\/1"}],"replies":[{"embeddable":true,"href":"https:\/\/redheadwithabrain.ch\/index.php\/wp-json\/wp\/v2\/comments?post=14084"}],"version-history":[{"count":6,"href":"https:\/\/redheadwithabrain.ch\/index.php\/wp-json\/wp\/v2\/posts\/14084\/revisions"}],"predecessor-version":[{"id":14274,"href":"https:\/\/redheadwithabrain.ch\/index.php\/wp-json\/wp\/v2\/posts\/14084\/revisions\/14274"}],"wp:featuredmedia":[{"embeddable":true,"href":"https:\/\/redheadwithabrain.ch\/index.php\/wp-json\/wp\/v2\/media\/14275"}],"wp:attachment":[{"href":"https:\/\/redheadwithabrain.ch\/index.php\/wp-json\/wp\/v2\/media?parent=14084"}],"wp:term":[{"taxonomy":"category","embeddable":true,"href":"https:\/\/redheadwithabrain.ch\/index.php\/wp-json\/wp\/v2\/categories?post=14084"},{"taxonomy":"post_tag","embeddable":true,"href":"https:\/\/redheadwithabrain.ch\/index.php\/wp-json\/wp\/v2\/tags?post=14084"}],"curies":[{"name":"wp","href":"https:\/\/api.w.org\/{rel}","templated":true}]}}