{"id":14361,"date":"2024-02-25T17:25:08","date_gmt":"2024-02-25T16:25:08","guid":{"rendered":"https:\/\/redheadwithabrain.ch\/?p=14361"},"modified":"2024-02-25T17:27:31","modified_gmt":"2024-02-25T16:27:31","slug":"cout-de-la-virilite-en-suisse-rethinking-economics-lausanne-2023","status":"publish","type":"post","link":"https:\/\/redheadwithabrain.ch\/index.php\/2024\/02\/25\/cout-de-la-virilite-en-suisse-rethinking-economics-lausanne-2023\/","title":{"rendered":"Cout de la Virilit\u00e9 en Suisse &#8211; Rethinking Economics Lausanne (2023)"},"content":{"rendered":"\n<p class=\"wp-block-paragraph\">Alors, combien \u00e7a co\u00fbte \u00e0 la collectivit\u00e9 d&#8217;\u00eatre un homme, un vrai ? Suite au livre de Lucile Peytavin &#8220;Le co\u00fbt de la virilit\u00e9&#8221;, paru en 2021, o\u00f9 elle fait ces calculs pour la France, un collectif de chercheur a reproduit la m\u00e9thodologie, dans la mesure du possible, pour la Suisse. Alors ? Et bien \u00e7a co\u00fbte un peu plus de neuf milliards de CHF par an, 15% des d\u00e9penses annuelles de la Conf\u00e9d\u00e9ration. Le calcul englobe plusieurs domaines : d\u00e9fense et s\u00e9curit\u00e9, justice, homicides et tentatives d\u2019homicide, coups et violences volontaires (hors famille), violences domestiques, maltraitance des enfants, crimes et d\u00e9lits sexuels, vols, ins\u00e9curit\u00e9 routi\u00e8re, trafic de stup\u00e9fiants et traite humaine. Deux notions int\u00e9ressantes \u00e0 mettre en avant dans ces calculs. Tout d&#8217;abord, le co\u00fbt de la virilit\u00e9 est &#8220;le diff\u00e9rentiel qui existe, pour chaque cat\u00e9gorie<br>d\u2019infractions, entre le montant des d\u00e9penses imputables aux comportements des hommes<br>et celui des d\u00e9penses imputables aux comportements des femmes.&#8221; Ensuite, il y a l&#8217;estimation de la &#8220;valeur d&#8217;une vie statistique&#8221; qui est &#8220;le co\u00fbt engendr\u00e9 pour les personnes tu\u00e9es, bless\u00e9es, ou qui ont \u00e9t\u00e9 atteintes dans leur int\u00e9grit\u00e9 physique et psychique&#8221; (p.ex frais m\u00e9dicaux, pertes mon\u00e9taires, &#8230;) et qui est de 6.9 millions en Suisse en 2019. Voil\u00e0, 94% des personnes en prison sont des hommes, 92% des l\u00e9sions corporelles graves sont faites par des hommes, 84% des accidents mortels sont provoqu\u00e9s par des hommes&#8230; \u00c0 quand un peu de pr\u00e9vention ? Ce n&#8217;est quand m\u00eame pas juste la faute de la testost\u00e9rone&#8230;<\/p>\n\n\n\n<p class=\"wp-block-paragraph\"><em>&#8220;La virilit\u00e9 est un concept socioculturel qui s&#8217;illustre notamment par les attentes pos\u00e9es sur les hommes : on valorise les &#8220;casse-cous&#8221;, on est plus permissif avec les gar\u00e7ons lorsqu&#8217;ils commettent des b\u00eatises, m\u00eame si ceux-ci sont violents. Ces faits \u00e9tant justifi\u00e9s comme des attributs d&#8217;une suppos\u00e9e nature virile. Cette virilit\u00e9 est bien construite d\u00e8s leur plus jeune enfance : on les conditionne \u00e0 jouer \u00e0 la bagarre, on leur offre des jouets guerriers, on leur vente des carri\u00e8res de m\u00e9tiers dangereux et on \u00e9crase toute \u00e9manation sentimentale qu&#8217;on juge trop eff\u00e9min\u00e9e. Lorsque l&#8217;on parle de virilit\u00e9, c&#8217;est de ces caract\u00e9ristiques que l&#8217;on traite. Il s&#8217;agit d&#8217;un comportement asocial, dans le sens o\u00f9 les hommes vont transgresser des normes de comportement que la soci\u00e9t\u00e9 va tol\u00e9rer, voir encourager. Cette &#8220;incivilit\u00e9&#8221; est le r\u00e9sultat de l&#8217;acculturation des hommes \u00e0 la violence, un processus par lequel les hommes adoptent des normes et des valeurs qui justifient une propension \u00e0 la violence.&#8221;<\/em><\/p>\n\n\n\n<p class=\"wp-block-paragraph\" style=\"font-size:15px\"><strong><mark style=\"background-color:rgba(0, 0, 0, 0)\" class=\"has-inline-color has-colibri-color-4-color\">R\u00e9f\u00e9rence<\/mark><\/strong><br>https:\/\/www.swissrethinkeconomics.org\/wp-content\/uploads\/2023\/10\/Le-cout-de-la-virilite-en-Suisse-1.pdf<\/p>\n","protected":false},"excerpt":{"rendered":"<p>Alors, combien \u00e7a co\u00fbte \u00e0 la collectivit\u00e9 d&#8217;\u00eatre un homme, un vrai ? Suite au livre de Lucile Peytavin &#8220;Le co\u00fbt de la virilit\u00e9&#8221;, paru en 2021, o\u00f9 elle fait ces calculs pour la France, un collectif de chercheur a reproduit la m\u00e9thodologie, dans la mesure du possible, pour la Suisse. Alors ? Et bien [&hellip;]<\/p>\n","protected":false},"author":1,"featured_media":14580,"comment_status":"closed","ping_status":"open","sticky":false,"template":"","format":"standard","meta":{"_jetpack_newsletter_access":"","_jetpack_dont_email_post_to_subs":false,"_jetpack_newsletter_tier_id":0,"_jetpack_memberships_contains_paywalled_content":false,"_jetpack_feature_clip_id":0,"_jetpack_memberships_contains_paid_content":false,"footnotes":"","jetpack_post_was_ever_published":false},"categories":[6],"tags":[97,221,143],"class_list":["post-14361","post","type-post","status-publish","format-standard","has-post-thumbnail","hentry","category-bits-bobs","tag-gender","tag-men","tag-money"],"jetpack_sharing_enabled":true,"jetpack_featured_media_url":"https:\/\/i0.wp.com\/redheadwithabrain.ch\/wp-content\/uploads\/2024\/02\/craig-mclachlan-8B_DYG7Iaa4-unsplash-scaled.jpg?fit=2560%2C1707&ssl=1","_links":{"self":[{"href":"https:\/\/redheadwithabrain.ch\/index.php\/wp-json\/wp\/v2\/posts\/14361","targetHints":{"allow":["GET"]}}],"collection":[{"href":"https:\/\/redheadwithabrain.ch\/index.php\/wp-json\/wp\/v2\/posts"}],"about":[{"href":"https:\/\/redheadwithabrain.ch\/index.php\/wp-json\/wp\/v2\/types\/post"}],"author":[{"embeddable":true,"href":"https:\/\/redheadwithabrain.ch\/index.php\/wp-json\/wp\/v2\/users\/1"}],"replies":[{"embeddable":true,"href":"https:\/\/redheadwithabrain.ch\/index.php\/wp-json\/wp\/v2\/comments?post=14361"}],"version-history":[{"count":5,"href":"https:\/\/redheadwithabrain.ch\/index.php\/wp-json\/wp\/v2\/posts\/14361\/revisions"}],"predecessor-version":[{"id":14584,"href":"https:\/\/redheadwithabrain.ch\/index.php\/wp-json\/wp\/v2\/posts\/14361\/revisions\/14584"}],"wp:featuredmedia":[{"embeddable":true,"href":"https:\/\/redheadwithabrain.ch\/index.php\/wp-json\/wp\/v2\/media\/14580"}],"wp:attachment":[{"href":"https:\/\/redheadwithabrain.ch\/index.php\/wp-json\/wp\/v2\/media?parent=14361"}],"wp:term":[{"taxonomy":"category","embeddable":true,"href":"https:\/\/redheadwithabrain.ch\/index.php\/wp-json\/wp\/v2\/categories?post=14361"},{"taxonomy":"post_tag","embeddable":true,"href":"https:\/\/redheadwithabrain.ch\/index.php\/wp-json\/wp\/v2\/tags?post=14361"}],"curies":[{"name":"wp","href":"https:\/\/api.w.org\/{rel}","templated":true}]}}