{"id":14368,"date":"2024-01-18T15:08:10","date_gmt":"2024-01-18T14:08:10","guid":{"rendered":"https:\/\/redheadwithabrain.ch\/?p=14368"},"modified":"2024-03-13T09:21:53","modified_gmt":"2024-03-13T08:21:53","slug":"madres-paralelas-pedro-almodovar-2021","status":"publish","type":"post","link":"https:\/\/redheadwithabrain.ch\/index.php\/2024\/01\/18\/madres-paralelas-pedro-almodovar-2021\/","title":{"rendered":"Madres paralelas &#8211; Pedro Almod\u00f3var (2021)"},"content":{"rendered":"\n<p class=\"wp-block-paragraph\">Janis et Ana se rencontrent dans une chambre d&#8217;h\u00f4pital, toutes deux sur le point d&#8217;accoucher. Elles sont toutes deux m\u00e8res c\u00e9libataires, l&#8217;une heureuse de ce qui lui est arriv\u00e9, l&#8217;autre moins. Une amiti\u00e9 se d\u00e9veloppe entre les deux femmes autour de leurs deux filles. Jusqu&#8217;ici, une histoire assez banale, mais le destin va s&#8217;en m\u00ealer. Parall\u00e8lement, Janis veut ouvrir la fosse commune de son village, o\u00f9 sont enterr\u00e9s son grand-p\u00e8re et d&#8217;autres amis fusill\u00e9s par le r\u00e9gime franquiste en 1936. Un film d&#8217;Almod\u00f3var qui joue avec une trame \u00e9vidente qui bifurque juste avant d&#8217;en devenir une, mais \u00e9galement un bel hommage aux victimes du franquisme. Un film touchant.<\/p>\n\n\n\n<p class=\"wp-block-paragraph\"><em>&#8220;Il n&#8217;y a pas d&#8217;histoire muette. On a beau la br\u00fbler, on a beau la briser, on a beau la tromper, l&#8217;histoire de l&#8217;humanit\u00e9 refuse d&#8217;\u00eatre r\u00e9duite au silence.&#8221; Eduardo Galeano.<\/em><\/p>\n\n\n\n<p class=\"wp-block-paragraph\" style=\"font-size:15px\"><strong><mark style=\"background-color:rgba(0, 0, 0, 0)\" class=\"has-inline-color has-colibri-color-4-color\">Version originale en espagnol &#8211; Regard\u00e9 avec les sous-titres en fran\u00e7ais<\/mark><\/strong><\/p>\n","protected":false},"excerpt":{"rendered":"<p>Janis et Ana se rencontrent dans une chambre d&#8217;h\u00f4pital, toutes deux sur le point d&#8217;accoucher. Elles sont toutes deux m\u00e8res c\u00e9libataires, l&#8217;une heureuse de ce qui lui est arriv\u00e9, l&#8217;autre moins. Une amiti\u00e9 se d\u00e9veloppe entre les deux femmes autour de leurs deux filles. Jusqu&#8217;ici, une histoire assez banale, mais le destin va s&#8217;en m\u00ealer. [&hellip;]<\/p>\n","protected":false},"author":1,"featured_media":14369,"comment_status":"closed","ping_status":"open","sticky":false,"template":"","format":"standard","meta":{"_jetpack_newsletter_access":"","_jetpack_dont_email_post_to_subs":false,"_jetpack_newsletter_tier_id":0,"_jetpack_memberships_contains_paywalled_content":false,"_jetpack_feature_clip_id":0,"_jetpack_memberships_contains_paid_content":false,"footnotes":"","jetpack_post_was_ever_published":false},"categories":[254],"tags":[148,19,45],"class_list":["post-14368","post","type-post","status-publish","format-standard","has-post-thumbnail","hentry","category-films-2024","tag-fate","tag-love","tag-mothers"],"jetpack_sharing_enabled":true,"jetpack_featured_media_url":"https:\/\/i0.wp.com\/redheadwithabrain.ch\/wp-content\/uploads\/2024\/01\/freestocks-sVwzvlpeEAU-unsplash-scaled-e1708823433288.jpg?fit=2560%2C1454&ssl=1","_links":{"self":[{"href":"https:\/\/redheadwithabrain.ch\/index.php\/wp-json\/wp\/v2\/posts\/14368","targetHints":{"allow":["GET"]}}],"collection":[{"href":"https:\/\/redheadwithabrain.ch\/index.php\/wp-json\/wp\/v2\/posts"}],"about":[{"href":"https:\/\/redheadwithabrain.ch\/index.php\/wp-json\/wp\/v2\/types\/post"}],"author":[{"embeddable":true,"href":"https:\/\/redheadwithabrain.ch\/index.php\/wp-json\/wp\/v2\/users\/1"}],"replies":[{"embeddable":true,"href":"https:\/\/redheadwithabrain.ch\/index.php\/wp-json\/wp\/v2\/comments?post=14368"}],"version-history":[{"count":4,"href":"https:\/\/redheadwithabrain.ch\/index.php\/wp-json\/wp\/v2\/posts\/14368\/revisions"}],"predecessor-version":[{"id":15072,"href":"https:\/\/redheadwithabrain.ch\/index.php\/wp-json\/wp\/v2\/posts\/14368\/revisions\/15072"}],"wp:featuredmedia":[{"embeddable":true,"href":"https:\/\/redheadwithabrain.ch\/index.php\/wp-json\/wp\/v2\/media\/14369"}],"wp:attachment":[{"href":"https:\/\/redheadwithabrain.ch\/index.php\/wp-json\/wp\/v2\/media?parent=14368"}],"wp:term":[{"taxonomy":"category","embeddable":true,"href":"https:\/\/redheadwithabrain.ch\/index.php\/wp-json\/wp\/v2\/categories?post=14368"},{"taxonomy":"post_tag","embeddable":true,"href":"https:\/\/redheadwithabrain.ch\/index.php\/wp-json\/wp\/v2\/tags?post=14368"}],"curies":[{"name":"wp","href":"https:\/\/api.w.org\/{rel}","templated":true}]}}