{"id":14391,"date":"2024-01-28T23:38:04","date_gmt":"2024-01-28T22:38:04","guid":{"rendered":"https:\/\/redheadwithabrain.ch\/?p=14391"},"modified":"2024-02-17T10:19:26","modified_gmt":"2024-02-17T09:19:26","slug":"where-the-slaves-lives-adrian-villar-rojas-fondation-louis-vuitton-2014","status":"publish","type":"post","link":"https:\/\/redheadwithabrain.ch\/index.php\/2024\/01\/28\/where-the-slaves-lives-adrian-villar-rojas-fondation-louis-vuitton-2014\/","title":{"rendered":"Where the Slaves Live &#8211; Adrian Villar Rojas &#8211; Fondation Louis-Vuitton (2014)"},"content":{"rendered":"\n<p class=\"wp-block-paragraph\">Une tranche de terre, en forme de citerne, des bulbes, de la mousse, des l\u00e9gumes, mais \u00e9galement des baskets, des habits, du ciment. Une sculpture qui se veut vivante, plac\u00e9e d&#8217;ailleurs sur une des terrasses de la Fondation, \u00e0 l&#8217;ext\u00e9rieur. Un titre qui d\u00e9range, qui \u00e9voque un sentiment d&#8217;inconfort et incite \u00e0 r\u00e9fl\u00e9chir sur les contextes historiques et contemporains de l&#8217;esclavage, contemporain, car le verbe est bien au pr\u00e9sent. Adrian Villar Rojas semble \u00eatre connu pour ses installations sculpturales \u00e0 grande \u00e9chelle, explore souvent des th\u00e8mes li\u00e9s au temps, \u00e0 la nature et \u00e0 l&#8217;existence humaine. Celle-ci couvre ces trois th\u00e9matiques. C&#8217;est fascinant comme \u0153uvre, j&#8217;ai ador\u00e9.<\/p>\n\n\n\n<p class=\"wp-block-paragraph\"><em>&#8220;D&#8217;une \u00e9tranget\u00e9 hors temps, cette \u0153uvre est con\u00e7ue comme &#8220;une petite plan\u00e8te&#8221; ayant atterri sur la terrasse, subtilement hybride entre arch\u00e9ologie et science-fiction&#8221;<\/em><\/p>\n","protected":false},"excerpt":{"rendered":"<p>Une tranche de terre, en forme de citerne, des bulbes, de la mousse, des l\u00e9gumes, mais \u00e9galement des baskets, des habits, du ciment. Une sculpture qui se veut vivante, plac\u00e9e d&#8217;ailleurs sur une des terrasses de la Fondation, \u00e0 l&#8217;ext\u00e9rieur. Un titre qui d\u00e9range, qui \u00e9voque un sentiment d&#8217;inconfort et incite \u00e0 r\u00e9fl\u00e9chir sur les [&hellip;]<\/p>\n","protected":false},"author":1,"featured_media":14421,"comment_status":"closed","ping_status":"open","sticky":false,"template":"","format":"standard","meta":{"_jetpack_newsletter_access":"","_jetpack_dont_email_post_to_subs":false,"_jetpack_newsletter_tier_id":0,"_jetpack_memberships_contains_paywalled_content":false,"_jetpack_feature_clip_id":0,"_jetpack_memberships_contains_paid_content":false,"footnotes":"","jetpack_post_was_ever_published":false},"categories":[117],"tags":[67,28,48],"class_list":["post-14391","post","type-post","status-publish","format-standard","has-post-thumbnail","hentry","category-exhibitions","tag-creativity","tag-nature","tag-weirdness"],"jetpack_sharing_enabled":true,"jetpack_featured_media_url":"https:\/\/i0.wp.com\/redheadwithabrain.ch\/wp-content\/uploads\/2024\/01\/PXL_20240128_103114683-scaled.jpg?fit=2560%2C1928&ssl=1","_links":{"self":[{"href":"https:\/\/redheadwithabrain.ch\/index.php\/wp-json\/wp\/v2\/posts\/14391","targetHints":{"allow":["GET"]}}],"collection":[{"href":"https:\/\/redheadwithabrain.ch\/index.php\/wp-json\/wp\/v2\/posts"}],"about":[{"href":"https:\/\/redheadwithabrain.ch\/index.php\/wp-json\/wp\/v2\/types\/post"}],"author":[{"embeddable":true,"href":"https:\/\/redheadwithabrain.ch\/index.php\/wp-json\/wp\/v2\/users\/1"}],"replies":[{"embeddable":true,"href":"https:\/\/redheadwithabrain.ch\/index.php\/wp-json\/wp\/v2\/comments?post=14391"}],"version-history":[{"count":4,"href":"https:\/\/redheadwithabrain.ch\/index.php\/wp-json\/wp\/v2\/posts\/14391\/revisions"}],"predecessor-version":[{"id":14490,"href":"https:\/\/redheadwithabrain.ch\/index.php\/wp-json\/wp\/v2\/posts\/14391\/revisions\/14490"}],"wp:featuredmedia":[{"embeddable":true,"href":"https:\/\/redheadwithabrain.ch\/index.php\/wp-json\/wp\/v2\/media\/14421"}],"wp:attachment":[{"href":"https:\/\/redheadwithabrain.ch\/index.php\/wp-json\/wp\/v2\/media?parent=14391"}],"wp:term":[{"taxonomy":"category","embeddable":true,"href":"https:\/\/redheadwithabrain.ch\/index.php\/wp-json\/wp\/v2\/categories?post=14391"},{"taxonomy":"post_tag","embeddable":true,"href":"https:\/\/redheadwithabrain.ch\/index.php\/wp-json\/wp\/v2\/tags?post=14391"}],"curies":[{"name":"wp","href":"https:\/\/api.w.org\/{rel}","templated":true}]}}