{"id":14392,"date":"2024-01-28T14:48:00","date_gmt":"2024-01-28T13:48:00","guid":{"rendered":"https:\/\/redheadwithabrain.ch\/?p=14392"},"modified":"2025-06-03T18:06:44","modified_gmt":"2025-06-03T16:06:44","slug":"open-space-12-alex-ayed-farewell-fondation-louis-vuitton-2024","status":"publish","type":"post","link":"https:\/\/redheadwithabrain.ch\/index.php\/2024\/01\/28\/open-space-12-alex-ayed-farewell-fondation-louis-vuitton-2024\/","title":{"rendered":"Open Space #12 : Farwell &#8211; Alex Ayed &#8211; Fondation Louis Vuitton &#8211; Paris (2024)"},"content":{"rendered":"\n<p class=\"wp-block-paragraph\">Alex Ayed est parti sur son bateau pour un voyage de plusieurs ann\u00e9es. L&#8217;exposition actuelle est le d\u00e9but de ce projet de quatre mois, de la mer du Nord \u00e0 la M\u00e9diterran\u00e9e. C&#8217;est avant tout une antenne radio, une sculpture suspendue au centre de la pi\u00e8ce et qui est le seul lien entre l&#8217;artiste et son bateau et le reste du monde. Au mur, une station m\u00e9t\u00e9o et des bo\u00eetes pour recueillir des textes ou des bricoles envoy\u00e9s par l&#8217;artiste. C&#8217;est assez incroyable comme projet, je me demande si je verrai un jour le reste de cette \u0153uvre.<\/p>\n\n\n\n<p class=\"wp-block-paragraph\"><em>&#8220;Tandis que dans les soci\u00e9t\u00e9s contemporaines, la contemplation, celle des nuages, du vent, d\u2019un oiseau de passage et autres observations sensibles semblent \u00eatre le propre du r\u00eaveur; celles-ci sont en r\u00e9alit\u00e9 tout ce qu\u2019il y a de plus essentiel \u00e0 l\u2019homme qui vit en mer. Ces \u00e9l\u00e9ments que l\u2019on qualifierait sur terre de &#8220;po\u00e9tiques&#8221; sont vitaux pour le marin. Ce sont ces observations annonciatrices du beau ou du mauvais temps, de l\u2019\u00e9tat de la mer qui permettent au marin de vivre dans un environnement aussi hostile que sublime.&#8221;<\/em><\/p>\n","protected":false},"excerpt":{"rendered":"<p>Alex Ayed est parti sur son bateau pour un voyage de plusieurs ann\u00e9es. L&#8217;exposition actuelle est le d\u00e9but de ce projet de quatre mois, de la mer du Nord \u00e0 la M\u00e9diterran\u00e9e. C&#8217;est avant tout une antenne radio, une sculpture suspendue au centre de la pi\u00e8ce et qui est le seul lien entre l&#8217;artiste et [&hellip;]<\/p>\n","protected":false},"author":1,"featured_media":14419,"comment_status":"closed","ping_status":"open","sticky":false,"template":"","format":"standard","meta":{"_jetpack_newsletter_access":"","_jetpack_dont_email_post_to_subs":false,"_jetpack_newsletter_tier_id":0,"_jetpack_memberships_contains_paywalled_content":false,"_jetpack_feature_clip_id":0,"_jetpack_memberships_contains_paid_content":false,"footnotes":"","jetpack_post_was_ever_published":false},"categories":[117],"tags":[171,80,83],"class_list":["post-14392","post","type-post","status-publish","format-standard","has-post-thumbnail","hentry","category-exhibitions","tag-emotions","tag-travel","tag-water"],"jetpack_sharing_enabled":true,"jetpack_featured_media_url":"https:\/\/i0.wp.com\/redheadwithabrain.ch\/wp-content\/uploads\/2024\/01\/marcelo-cidrack-7jZNgIuJrCM-unsplash-scaled.jpg?fit=1707%2C2560&ssl=1","_links":{"self":[{"href":"https:\/\/redheadwithabrain.ch\/index.php\/wp-json\/wp\/v2\/posts\/14392","targetHints":{"allow":["GET"]}}],"collection":[{"href":"https:\/\/redheadwithabrain.ch\/index.php\/wp-json\/wp\/v2\/posts"}],"about":[{"href":"https:\/\/redheadwithabrain.ch\/index.php\/wp-json\/wp\/v2\/types\/post"}],"author":[{"embeddable":true,"href":"https:\/\/redheadwithabrain.ch\/index.php\/wp-json\/wp\/v2\/users\/1"}],"replies":[{"embeddable":true,"href":"https:\/\/redheadwithabrain.ch\/index.php\/wp-json\/wp\/v2\/comments?post=14392"}],"version-history":[{"count":3,"href":"https:\/\/redheadwithabrain.ch\/index.php\/wp-json\/wp\/v2\/posts\/14392\/revisions"}],"predecessor-version":[{"id":18889,"href":"https:\/\/redheadwithabrain.ch\/index.php\/wp-json\/wp\/v2\/posts\/14392\/revisions\/18889"}],"wp:featuredmedia":[{"embeddable":true,"href":"https:\/\/redheadwithabrain.ch\/index.php\/wp-json\/wp\/v2\/media\/14419"}],"wp:attachment":[{"href":"https:\/\/redheadwithabrain.ch\/index.php\/wp-json\/wp\/v2\/media?parent=14392"}],"wp:term":[{"taxonomy":"category","embeddable":true,"href":"https:\/\/redheadwithabrain.ch\/index.php\/wp-json\/wp\/v2\/categories?post=14392"},{"taxonomy":"post_tag","embeddable":true,"href":"https:\/\/redheadwithabrain.ch\/index.php\/wp-json\/wp\/v2\/tags?post=14392"}],"curies":[{"name":"wp","href":"https:\/\/api.w.org\/{rel}","templated":true}]}}