{"id":14897,"date":"2024-03-06T07:50:30","date_gmt":"2024-03-06T06:50:30","guid":{"rendered":"https:\/\/redheadwithabrain.ch\/?p=14897"},"modified":"2024-03-06T11:34:34","modified_gmt":"2024-03-06T10:34:34","slug":"ou-vont-les-larmes-quand-elles-sechent-baptiste-beaulieu-2023","status":"publish","type":"post","link":"https:\/\/redheadwithabrain.ch\/index.php\/2024\/03\/06\/ou-vont-les-larmes-quand-elles-sechent-baptiste-beaulieu-2023\/","title":{"rendered":"O\u00f9 vont les larmes quand elles s\u00e8chent &#8211; Baptiste Beaulieu (2023)"},"content":{"rendered":"\n<p class=\"wp-block-paragraph\">Jean est m\u00e9decin g\u00e9n\u00e9raliste qui voit passer de tout dans son cabinet. Parfois, il aimerait en pleurer, mais il n&#8217;y arrive plus. Les larmes sont bloqu\u00e9es \u00e0 l&#8217;int\u00e9rieur depuis la mort de deux enfants, lui tout jeune et un autre, d&#8217;une crise d&#8217;\u00e9pilepsie. Alors, il nous parle des patients qui emplissent sa salle d&#8217;attente \u00e0 longueur de journ\u00e9e, des couples de personnes \u00e2g\u00e9es qui se meurent l&#8217;un sans l&#8217;autre, des femmes martyris\u00e9es par leur mari, des maris manipulateurs, des enfants comme vecteurs des probl\u00e8mes de leurs parents. Les larmes arriveront tout \u00e0 la fin, quand il trouvera enfin un moment pour s&#8217;\u00e9couter. Je viens de croiser la route de Baptiste Beaulieu dans le livre de <a href=\"https:\/\/redheadwithabrain.ch\/index.php\/2024\/03\/02\/reinventer-lamour-mona-chollet-2021\/\">Mona Chollet<\/a>. M\u00e9decin et \u00e9crivain, homosexuel assum\u00e9, ce qui d&#8217;ailleurs donne de tr\u00e8s jolis passages, il se positionne contre le sexisme, l&#8217;homophobie et le racisme, th\u00e8mes fortement pr\u00e9sents dans ce roman. Le texte n&#8217;\u00e9pargne toutefois pas l&#8217;injonction permanente \u00e0 la r\u00e9silience et, je cite, &#8220;ces conneries de f\u00e9minin sacr\u00e9&#8221;. C&#8217;est un roman magnifique, j&#8217;ai ri, j&#8217;ai pleur\u00e9&#8230; Chez moi, les larmes ne sont pas rest\u00e9es coinc\u00e9es.<\/p>\n\n\n\n<p class=\"wp-block-paragraph\"><em>&#8220;Vous vous souvenez de la maxime de Nietzsche: &#8220;Tout ce qui ne me tue pas me rend plus fort.&#8221; Oui, peut-\u00eatre. Tant mieux. Pour certains, \u00e7a doit marcher. Mais pour les personnes que \u00e7a a rendu plus fragiles\u202f? Plus sensibles\u202f? Plus chancelantes\u202f? Parfois, ce qui a \u00e9t\u00e9 fait ne peut \u00eatre d\u00e9fait, c&#8217;est comme \u00e7a. Ce qui ne nous tue pas nous brise en mille morceaux. Alors oui, c&#8217;est joli, la mosa\u00efque, mais c&#8217;est long \u00e0 assembler.&#8221;<\/em><\/p>\n","protected":false},"excerpt":{"rendered":"<p>Jean est m\u00e9decin g\u00e9n\u00e9raliste qui voit passer de tout dans son cabinet. Parfois, il aimerait en pleurer, mais il n&#8217;y arrive plus. Les larmes sont bloqu\u00e9es \u00e0 l&#8217;int\u00e9rieur depuis la mort de deux enfants, lui tout jeune et un autre, d&#8217;une crise d&#8217;\u00e9pilepsie. Alors, il nous parle des patients qui emplissent sa salle d&#8217;attente \u00e0 [&hellip;]<\/p>\n","protected":false},"author":1,"featured_media":14896,"comment_status":"closed","ping_status":"open","sticky":false,"template":"","format":"standard","meta":{"_jetpack_newsletter_access":"","_jetpack_dont_email_post_to_subs":false,"_jetpack_newsletter_tier_id":0,"_jetpack_memberships_contains_paywalled_content":false,"_jetpack_feature_clip_id":0,"_jetpack_memberships_contains_paid_content":false,"footnotes":"","jetpack_post_was_ever_published":false},"categories":[255],"tags":[120,92,65],"class_list":["post-14897","post","type-post","status-publish","format-standard","has-post-thumbnail","hentry","category-books-2024","tag-health","tag-hope","tag-sadness"],"jetpack_sharing_enabled":true,"jetpack_featured_media_url":"https:\/\/i0.wp.com\/redheadwithabrain.ch\/wp-content\/uploads\/2024\/03\/jan-willem-FobwhDUgdrk-unsplash-scaled.jpg?fit=1709%2C2560&ssl=1","_links":{"self":[{"href":"https:\/\/redheadwithabrain.ch\/index.php\/wp-json\/wp\/v2\/posts\/14897","targetHints":{"allow":["GET"]}}],"collection":[{"href":"https:\/\/redheadwithabrain.ch\/index.php\/wp-json\/wp\/v2\/posts"}],"about":[{"href":"https:\/\/redheadwithabrain.ch\/index.php\/wp-json\/wp\/v2\/types\/post"}],"author":[{"embeddable":true,"href":"https:\/\/redheadwithabrain.ch\/index.php\/wp-json\/wp\/v2\/users\/1"}],"replies":[{"embeddable":true,"href":"https:\/\/redheadwithabrain.ch\/index.php\/wp-json\/wp\/v2\/comments?post=14897"}],"version-history":[{"count":2,"href":"https:\/\/redheadwithabrain.ch\/index.php\/wp-json\/wp\/v2\/posts\/14897\/revisions"}],"predecessor-version":[{"id":14899,"href":"https:\/\/redheadwithabrain.ch\/index.php\/wp-json\/wp\/v2\/posts\/14897\/revisions\/14899"}],"wp:featuredmedia":[{"embeddable":true,"href":"https:\/\/redheadwithabrain.ch\/index.php\/wp-json\/wp\/v2\/media\/14896"}],"wp:attachment":[{"href":"https:\/\/redheadwithabrain.ch\/index.php\/wp-json\/wp\/v2\/media?parent=14897"}],"wp:term":[{"taxonomy":"category","embeddable":true,"href":"https:\/\/redheadwithabrain.ch\/index.php\/wp-json\/wp\/v2\/categories?post=14897"},{"taxonomy":"post_tag","embeddable":true,"href":"https:\/\/redheadwithabrain.ch\/index.php\/wp-json\/wp\/v2\/tags?post=14897"}],"curies":[{"name":"wp","href":"https:\/\/api.w.org\/{rel}","templated":true}]}}