{"id":15287,"date":"2024-03-22T09:30:24","date_gmt":"2024-03-22T08:30:24","guid":{"rendered":"https:\/\/redheadwithabrain.ch\/?p=15287"},"modified":"2024-03-24T09:39:49","modified_gmt":"2024-03-24T08:39:49","slug":"solann-festival-voix-de-fete-geneve-2024","status":"publish","type":"post","link":"https:\/\/redheadwithabrain.ch\/index.php\/2024\/03\/22\/solann-festival-voix-de-fete-geneve-2024\/","title":{"rendered":"Solann &#8211; Festival Voix de F\u00eate &#8211; Gen\u00e8ve (2024)"},"content":{"rendered":"\n<p class=\"wp-block-paragraph\">Premier concert de cette soir\u00e9e du festival Voix de F\u00eate, Solann. Une demoiselle avec une voix \u00e9clatante, un joli sens de l&#8217;humour, accompagn\u00e9e de deux jeunes hommes qui ont l&#8217;air de prendre un plaisir \u00e9norme \u00e0 \u00eatre l\u00e0. Des paroles assez trash, fortes, autour de la place de la femme, sous le regard des hommes souvent, bien tendance. Des musiques et des arrangements magnifiques sur tout cela. En bref, une superbe d\u00e9couverte.<\/p>\n\n\n\n<p class=\"has-text-align-center wp-block-paragraph\"><em>&#8220;Mais c&#8217;est une chienne qui a \u00e9lev\u00e9 Rome<br>Les putes comme moi portent les r\u00eaves des hommes&#8221;<\/em><br><\/p>\n","protected":false},"excerpt":{"rendered":"<p>Premier concert de cette soir\u00e9e du festival Voix de F\u00eate, Solann. Une demoiselle avec une voix \u00e9clatante, un joli sens de l&#8217;humour, accompagn\u00e9e de deux jeunes hommes qui ont l&#8217;air de prendre un plaisir \u00e9norme \u00e0 \u00eatre l\u00e0. Des paroles assez trash, fortes, autour de la place de la femme, sous le regard des hommes [&hellip;]<\/p>\n","protected":false},"author":1,"featured_media":15288,"comment_status":"closed","ping_status":"open","sticky":false,"template":"","format":"standard","meta":{"_jetpack_newsletter_access":"","_jetpack_dont_email_post_to_subs":false,"_jetpack_newsletter_tier_id":0,"_jetpack_memberships_contains_paywalled_content":false,"_jetpack_feature_clip_id":0,"_jetpack_memberships_contains_paid_content":false,"footnotes":"","jetpack_post_was_ever_published":false},"categories":[3],"tags":[51,113,242],"class_list":["post-15287","post","type-post","status-publish","format-standard","has-post-thumbnail","hentry","category-concerts","tag-identity","tag-music","tag-youth"],"jetpack_sharing_enabled":true,"jetpack_featured_media_url":"https:\/\/i0.wp.com\/redheadwithabrain.ch\/wp-content\/uploads\/2024\/03\/clemence-taillez-RnRX1vjub5g-unsplash-scaled.jpg?fit=1707%2C2560&ssl=1","_links":{"self":[{"href":"https:\/\/redheadwithabrain.ch\/index.php\/wp-json\/wp\/v2\/posts\/15287","targetHints":{"allow":["GET"]}}],"collection":[{"href":"https:\/\/redheadwithabrain.ch\/index.php\/wp-json\/wp\/v2\/posts"}],"about":[{"href":"https:\/\/redheadwithabrain.ch\/index.php\/wp-json\/wp\/v2\/types\/post"}],"author":[{"embeddable":true,"href":"https:\/\/redheadwithabrain.ch\/index.php\/wp-json\/wp\/v2\/users\/1"}],"replies":[{"embeddable":true,"href":"https:\/\/redheadwithabrain.ch\/index.php\/wp-json\/wp\/v2\/comments?post=15287"}],"version-history":[{"count":1,"href":"https:\/\/redheadwithabrain.ch\/index.php\/wp-json\/wp\/v2\/posts\/15287\/revisions"}],"predecessor-version":[{"id":15289,"href":"https:\/\/redheadwithabrain.ch\/index.php\/wp-json\/wp\/v2\/posts\/15287\/revisions\/15289"}],"wp:featuredmedia":[{"embeddable":true,"href":"https:\/\/redheadwithabrain.ch\/index.php\/wp-json\/wp\/v2\/media\/15288"}],"wp:attachment":[{"href":"https:\/\/redheadwithabrain.ch\/index.php\/wp-json\/wp\/v2\/media?parent=15287"}],"wp:term":[{"taxonomy":"category","embeddable":true,"href":"https:\/\/redheadwithabrain.ch\/index.php\/wp-json\/wp\/v2\/categories?post=15287"},{"taxonomy":"post_tag","embeddable":true,"href":"https:\/\/redheadwithabrain.ch\/index.php\/wp-json\/wp\/v2\/tags?post=15287"}],"curies":[{"name":"wp","href":"https:\/\/api.w.org\/{rel}","templated":true}]}}