{"id":15291,"date":"2024-03-22T09:40:41","date_gmt":"2024-03-22T08:40:41","guid":{"rendered":"https:\/\/redheadwithabrain.ch\/?p=15291"},"modified":"2024-11-19T12:19:30","modified_gmt":"2024-11-19T11:19:30","slug":"albin-de-la-simone-voix-de-fete-geneve-2024","status":"publish","type":"post","link":"https:\/\/redheadwithabrain.ch\/index.php\/2024\/03\/22\/albin-de-la-simone-voix-de-fete-geneve-2024\/","title":{"rendered":"Albin de la Simone &#8211; Festival Voix de F\u00eate &#8211; Gen\u00e8ve (2024)"},"content":{"rendered":"\n<p class=\"wp-block-paragraph\">Derni\u00e8re prestation de cette soir\u00e9e de Voix de F\u00eate au Casino-Th\u00e9\u00e2tre, et le concert pour lequel nous sommes l\u00e0. Albin de la Simone, avec trois musiciens polyvalents qui passent d&#8217;un instrument \u00e0 l&#8217;autre. Sa voix toute douce, les paroles empreintes de po\u00e9sie qui parlent de la vie. Un concert dans lequel il interpelle le public, o\u00f9 il nous fait rire et chanter. Et, une derni\u00e8re chanson, avec des petites clochettes qui m&#8217;ont envout\u00e9es, compl\u00e9tement rat\u00e9e et qui n&#8217;en devient que plus belle. Je connaissais mal, j&#8217;ai ador\u00e9. Premier concert d&#8217;Albin de la Simone, mais pas le dernier.<\/p>\n\n\n\n<p class=\"has-text-align-center wp-block-paragraph\">&#8220;<em>Les nouveaux murs de la maison, sous la peinture et les faux plafonds, notre futur en questions.<br>Le souvenir de mes vies premi\u00e8res, troupeau de moutons de poussi\u00e8re, mes gravats de c\u00e9libataire, et cet enfant qui pleure qui mange kilos de lait, kilos de langes, et tout cet amour en \u00e9change.<br>J&#8217;esp\u00e8re, c&#8217;est peu de le dire, j&#8217;esp\u00e8re que tout \u00e7a va tenir sur mes \u00e9paules, mes \u00e9paules, mes \u00e9paules pas bien carr\u00e9es.<br>Mes \u00e9paules, mes \u00e9paules, mes \u00e9paules pas bien gaul\u00e9es, pas baraqu\u00e9es, pas bal\u00e8zes.<\/em>&#8220;<\/p>\n","protected":false},"excerpt":{"rendered":"<p>Derni\u00e8re prestation de cette soir\u00e9e de Voix de F\u00eate au Casino-Th\u00e9\u00e2tre, et le concert pour lequel nous sommes l\u00e0. Albin de la Simone, avec trois musiciens polyvalents qui passent d&#8217;un instrument \u00e0 l&#8217;autre. Sa voix toute douce, les paroles empreintes de po\u00e9sie qui parlent de la vie. Un concert dans lequel il interpelle le public, [&hellip;]<\/p>\n","protected":false},"author":1,"featured_media":15292,"comment_status":"closed","ping_status":"open","sticky":false,"template":"","format":"standard","meta":{"_jetpack_newsletter_access":"","_jetpack_dont_email_post_to_subs":false,"_jetpack_newsletter_tier_id":0,"_jetpack_memberships_contains_paywalled_content":false,"_jetpack_feature_clip_id":0,"_jetpack_memberships_contains_paid_content":false,"footnotes":"","jetpack_post_was_ever_published":false},"categories":[3],"tags":[98,19,13],"class_list":["post-15291","post","type-post","status-publish","format-standard","has-post-thumbnail","hentry","category-concerts","tag-life","tag-love","tag-resilience"],"jetpack_sharing_enabled":true,"jetpack_featured_media_url":"https:\/\/i0.wp.com\/redheadwithabrain.ch\/wp-content\/uploads\/2024\/03\/IMG-20240323-WA0005.jpg?fit=2040%2C1536&ssl=1","_links":{"self":[{"href":"https:\/\/redheadwithabrain.ch\/index.php\/wp-json\/wp\/v2\/posts\/15291","targetHints":{"allow":["GET"]}}],"collection":[{"href":"https:\/\/redheadwithabrain.ch\/index.php\/wp-json\/wp\/v2\/posts"}],"about":[{"href":"https:\/\/redheadwithabrain.ch\/index.php\/wp-json\/wp\/v2\/types\/post"}],"author":[{"embeddable":true,"href":"https:\/\/redheadwithabrain.ch\/index.php\/wp-json\/wp\/v2\/users\/1"}],"replies":[{"embeddable":true,"href":"https:\/\/redheadwithabrain.ch\/index.php\/wp-json\/wp\/v2\/comments?post=15291"}],"version-history":[{"count":2,"href":"https:\/\/redheadwithabrain.ch\/index.php\/wp-json\/wp\/v2\/posts\/15291\/revisions"}],"predecessor-version":[{"id":17028,"href":"https:\/\/redheadwithabrain.ch\/index.php\/wp-json\/wp\/v2\/posts\/15291\/revisions\/17028"}],"wp:featuredmedia":[{"embeddable":true,"href":"https:\/\/redheadwithabrain.ch\/index.php\/wp-json\/wp\/v2\/media\/15292"}],"wp:attachment":[{"href":"https:\/\/redheadwithabrain.ch\/index.php\/wp-json\/wp\/v2\/media?parent=15291"}],"wp:term":[{"taxonomy":"category","embeddable":true,"href":"https:\/\/redheadwithabrain.ch\/index.php\/wp-json\/wp\/v2\/categories?post=15291"},{"taxonomy":"post_tag","embeddable":true,"href":"https:\/\/redheadwithabrain.ch\/index.php\/wp-json\/wp\/v2\/tags?post=15291"}],"curies":[{"name":"wp","href":"https:\/\/api.w.org\/{rel}","templated":true}]}}