{"id":15634,"date":"2024-04-24T14:25:33","date_gmt":"2024-04-24T12:25:33","guid":{"rendered":"https:\/\/redheadwithabrain.ch\/?p=15634"},"modified":"2024-04-27T14:46:02","modified_gmt":"2024-04-27T12:46:02","slug":"la-route-manu-larcenet-2024","status":"publish","type":"post","link":"https:\/\/redheadwithabrain.ch\/index.php\/2024\/04\/24\/la-route-manu-larcenet-2024\/","title":{"rendered":"La route &#8211; Manu Larcenet (2024)"},"content":{"rendered":"\n<p class=\"wp-block-paragraph\">Ce roman graphique, inspir\u00e9 de &#8220;The Road&#8221; de Cormac McCarthy publi\u00e9 en 2006, suit le p\u00e9riple vers le sud d&#8217;un p\u00e8re et de son fils dans une Am\u00e9rique post-apocalyptique. Bien que je n&#8217;aie pas encore lu le roman original, il est d\u00e9crit comme puissant, et cette adaptation en bande dessin\u00e9e l&#8217;est tout autant. C&#8217;est cru, rude, et offre une description saisissante de l&#8217;horreur. Les teintes incroyables des planches ajoutent \u00e0 la narration : bien que principalement en noir et blanc, elles comportent des nuances de bleu, de vert et parfois juste une touche de rouge. Larcenet semble \u00eatre le choix id\u00e9al pour illustrer un r\u00e9cit aussi sombre. Magnifique.<\/p>\n\n\n\n<p class=\"wp-block-paragraph\"><em>&#8220;- R\u00e9fl\u00e9chis \u00e0 ce que tu mets dans ta t\u00eate, parce que \u00e7a y restera pour toujours.<br>&#8211; Il y a bien des choses qu&#8217;on oublie, non ?<br>&#8211; &#8230; Ouais &#8230;On oublie ce dont on devrait ce souvenir et on se souvient de ce qu&#8217;il faudrait oublier.&#8221;<\/em><\/p>\n\n\n\n<figure class=\"wp-block-image size-large\"><img data-recalc-dims=\"1\" loading=\"lazy\" decoding=\"async\" width=\"800\" height=\"1024\" src=\"https:\/\/i0.wp.com\/redheadwithabrain.ch\/wp-content\/uploads\/2024\/04\/PXL_20240425_0606255212.jpg?resize=800%2C1024&#038;ssl=1\" alt=\"\" class=\"wp-image-15659\" srcset=\"https:\/\/i0.wp.com\/redheadwithabrain.ch\/wp-content\/uploads\/2024\/04\/PXL_20240425_0606255212-scaled.jpg?resize=800%2C1024&amp;ssl=1 800w, https:\/\/i0.wp.com\/redheadwithabrain.ch\/wp-content\/uploads\/2024\/04\/PXL_20240425_0606255212-scaled.jpg?resize=235%2C300&amp;ssl=1 235w, https:\/\/i0.wp.com\/redheadwithabrain.ch\/wp-content\/uploads\/2024\/04\/PXL_20240425_0606255212-scaled.jpg?resize=768%2C983&amp;ssl=1 768w, https:\/\/i0.wp.com\/redheadwithabrain.ch\/wp-content\/uploads\/2024\/04\/PXL_20240425_0606255212-scaled.jpg?resize=1201%2C1536&amp;ssl=1 1201w, https:\/\/i0.wp.com\/redheadwithabrain.ch\/wp-content\/uploads\/2024\/04\/PXL_20240425_0606255212-scaled.jpg?resize=1601%2C2048&amp;ssl=1 1601w, https:\/\/i0.wp.com\/redheadwithabrain.ch\/wp-content\/uploads\/2024\/04\/PXL_20240425_0606255212-scaled.jpg?w=2001&amp;ssl=1 2001w\" sizes=\"auto, (max-width: 800px) 100vw, 800px\" \/><\/figure>\n","protected":false},"excerpt":{"rendered":"<p>Ce roman graphique, inspir\u00e9 de &#8220;The Road&#8221; de Cormac McCarthy publi\u00e9 en 2006, suit le p\u00e9riple vers le sud d&#8217;un p\u00e8re et de son fils dans une Am\u00e9rique post-apocalyptique. Bien que je n&#8217;aie pas encore lu le roman original, il est d\u00e9crit comme puissant, et cette adaptation en bande dessin\u00e9e l&#8217;est tout autant. C&#8217;est cru, [&hellip;]<\/p>\n","protected":false},"author":1,"featured_media":15639,"comment_status":"closed","ping_status":"open","sticky":false,"template":"","format":"standard","meta":{"_jetpack_newsletter_access":"","_jetpack_dont_email_post_to_subs":false,"_jetpack_newsletter_tier_id":0,"_jetpack_memberships_contains_paywalled_content":false,"_jetpack_feature_clip_id":0,"_jetpack_memberships_contains_paid_content":false,"footnotes":"","jetpack_post_was_ever_published":false},"categories":[256],"tags":[133,178,80],"class_list":["post-15634","post","type-post","status-publish","format-standard","has-post-thumbnail","hentry","category-graphic-2024","tag-derision","tag-dystopia","tag-travel"],"jetpack_sharing_enabled":true,"jetpack_featured_media_url":"https:\/\/i0.wp.com\/redheadwithabrain.ch\/wp-content\/uploads\/2024\/04\/michael-shannon-iIrB37J5yfA-unsplash-scaled.jpg?fit=1707%2C2560&ssl=1","_links":{"self":[{"href":"https:\/\/redheadwithabrain.ch\/index.php\/wp-json\/wp\/v2\/posts\/15634","targetHints":{"allow":["GET"]}}],"collection":[{"href":"https:\/\/redheadwithabrain.ch\/index.php\/wp-json\/wp\/v2\/posts"}],"about":[{"href":"https:\/\/redheadwithabrain.ch\/index.php\/wp-json\/wp\/v2\/types\/post"}],"author":[{"embeddable":true,"href":"https:\/\/redheadwithabrain.ch\/index.php\/wp-json\/wp\/v2\/users\/1"}],"replies":[{"embeddable":true,"href":"https:\/\/redheadwithabrain.ch\/index.php\/wp-json\/wp\/v2\/comments?post=15634"}],"version-history":[{"count":6,"href":"https:\/\/redheadwithabrain.ch\/index.php\/wp-json\/wp\/v2\/posts\/15634\/revisions"}],"predecessor-version":[{"id":15660,"href":"https:\/\/redheadwithabrain.ch\/index.php\/wp-json\/wp\/v2\/posts\/15634\/revisions\/15660"}],"wp:featuredmedia":[{"embeddable":true,"href":"https:\/\/redheadwithabrain.ch\/index.php\/wp-json\/wp\/v2\/media\/15639"}],"wp:attachment":[{"href":"https:\/\/redheadwithabrain.ch\/index.php\/wp-json\/wp\/v2\/media?parent=15634"}],"wp:term":[{"taxonomy":"category","embeddable":true,"href":"https:\/\/redheadwithabrain.ch\/index.php\/wp-json\/wp\/v2\/categories?post=15634"},{"taxonomy":"post_tag","embeddable":true,"href":"https:\/\/redheadwithabrain.ch\/index.php\/wp-json\/wp\/v2\/tags?post=15634"}],"curies":[{"name":"wp","href":"https:\/\/api.w.org\/{rel}","templated":true}]}}