{"id":15708,"date":"2024-05-03T10:35:34","date_gmt":"2024-05-03T08:35:34","guid":{"rendered":"https:\/\/redheadwithabrain.ch\/?p=15708"},"modified":"2024-05-05T11:05:58","modified_gmt":"2024-05-05T09:05:58","slug":"avec-les-fees-sylvain-tesson-2024","status":"publish","type":"post","link":"https:\/\/redheadwithabrain.ch\/index.php\/2024\/05\/03\/avec-les-fees-sylvain-tesson-2024\/","title":{"rendered":"Avec les f\u00e9es &#8211; Sylvain Tesson (2024)"},"content":{"rendered":"\n<p class=\"wp-block-paragraph\">Petit voyage avec deux amis en voilier \u00e0 travers les mers celtiques \u00e0 la recherche des f\u00e9es. D\u00e9part en Espagne, puis Bretagne, Cornouailles, Pays de Galle, Irlande, \u00c9cosse jusqu&#8217;aux Iles Shetland et retour \u00e0 la maison. Tesson voyage en voilier, mais se fait r\u00e9guli\u00e8rement poser \u00e0 terre pour faire la c\u00f4te \u00e0 pied ou \u00e0 v\u00e9lo. Et, il philosophe : sur le merveilleux, sur la qu\u00eate du Graal, sur le besoin des hommes d&#8217;\u00e9riger du solide dans un monde en mouvement. C&#8217;est riche de pens\u00e9es, de r\u00e9f\u00e9rences litt\u00e9raires et historiques, et surtout tr\u00e8s po\u00e9tique. Une belle lecture.<br><br><em>&#8220;Le merveilleux surgit du r\u00e9el. Nul besoin d&#8217;associer la splendeur d&#8217;un lieu, ni l&#8217;\u00e9lectricit\u00e9 d&#8217;un moment \u00e0 une construction de l&#8217;imagination. La dryade ne rehausse pas le sous-bois, ni la na\u00efade la fontaine. Tout juste le kitsch excite-t-il l&#8217;esprit paresseux. Faut-il une nymphette pour s&#8217;\u00e9mouvoir d&#8217;une source ? Le merveilleux est ce qui suffit dans ce qui se donne. Goethe encore, dans Le Divan : &#8220;Ce point o\u00f9 la vie se r\u00e9jouit de la vie.&#8221;<\/em><\/p>\n\n\n\n<figure class=\"wp-block-image size-large is-resized\"><img data-recalc-dims=\"1\" loading=\"lazy\" decoding=\"async\" width=\"661\" height=\"1024\" src=\"https:\/\/i0.wp.com\/redheadwithabrain.ch\/wp-content\/uploads\/2024\/05\/PXL_20240505_0838474134.jpg?resize=661%2C1024&#038;ssl=1\" alt=\"\" class=\"wp-image-15729\" style=\"width:840px;height:auto\" srcset=\"https:\/\/i0.wp.com\/redheadwithabrain.ch\/wp-content\/uploads\/2024\/05\/PXL_20240505_0838474134-scaled.jpg?resize=661%2C1024&amp;ssl=1 661w, https:\/\/i0.wp.com\/redheadwithabrain.ch\/wp-content\/uploads\/2024\/05\/PXL_20240505_0838474134-scaled.jpg?resize=194%2C300&amp;ssl=1 194w, https:\/\/i0.wp.com\/redheadwithabrain.ch\/wp-content\/uploads\/2024\/05\/PXL_20240505_0838474134-scaled.jpg?resize=768%2C1189&amp;ssl=1 768w, https:\/\/i0.wp.com\/redheadwithabrain.ch\/wp-content\/uploads\/2024\/05\/PXL_20240505_0838474134-scaled.jpg?resize=992%2C1536&amp;ssl=1 992w, https:\/\/i0.wp.com\/redheadwithabrain.ch\/wp-content\/uploads\/2024\/05\/PXL_20240505_0838474134-scaled.jpg?resize=1323%2C2048&amp;ssl=1 1323w, https:\/\/i0.wp.com\/redheadwithabrain.ch\/wp-content\/uploads\/2024\/05\/PXL_20240505_0838474134-scaled.jpg?w=1653&amp;ssl=1 1653w\" sizes=\"auto, (max-width: 661px) 100vw, 661px\" \/><\/figure>\n","protected":false},"excerpt":{"rendered":"<p>Petit voyage avec deux amis en voilier \u00e0 travers les mers celtiques \u00e0 la recherche des f\u00e9es. D\u00e9part en Espagne, puis Bretagne, Cornouailles, Pays de Galle, Irlande, \u00c9cosse jusqu&#8217;aux Iles Shetland et retour \u00e0 la maison. Tesson voyage en voilier, mais se fait r\u00e9guli\u00e8rement poser \u00e0 terre pour faire la c\u00f4te \u00e0 pied ou \u00e0 [&hellip;]<\/p>\n","protected":false},"author":1,"featured_media":15714,"comment_status":"closed","ping_status":"open","sticky":false,"template":"","format":"standard","meta":{"_jetpack_newsletter_access":"","_jetpack_dont_email_post_to_subs":false,"_jetpack_newsletter_tier_id":0,"_jetpack_memberships_contains_paywalled_content":false,"_jetpack_feature_clip_id":0,"_jetpack_memberships_contains_paid_content":false,"footnotes":"","jetpack_post_was_ever_published":false},"categories":[255],"tags":[24,80,83],"class_list":["post-15708","post","type-post","status-publish","format-standard","has-post-thumbnail","hentry","category-books-2024","tag-magic","tag-travel","tag-water"],"jetpack_sharing_enabled":true,"jetpack_featured_media_url":"https:\/\/i0.wp.com\/redheadwithabrain.ch\/wp-content\/uploads\/2024\/05\/henrique-craveiro-ezJhm4xrHAM-unsplash-scaled.jpg?fit=2560%2C1920&ssl=1","_links":{"self":[{"href":"https:\/\/redheadwithabrain.ch\/index.php\/wp-json\/wp\/v2\/posts\/15708","targetHints":{"allow":["GET"]}}],"collection":[{"href":"https:\/\/redheadwithabrain.ch\/index.php\/wp-json\/wp\/v2\/posts"}],"about":[{"href":"https:\/\/redheadwithabrain.ch\/index.php\/wp-json\/wp\/v2\/types\/post"}],"author":[{"embeddable":true,"href":"https:\/\/redheadwithabrain.ch\/index.php\/wp-json\/wp\/v2\/users\/1"}],"replies":[{"embeddable":true,"href":"https:\/\/redheadwithabrain.ch\/index.php\/wp-json\/wp\/v2\/comments?post=15708"}],"version-history":[{"count":6,"href":"https:\/\/redheadwithabrain.ch\/index.php\/wp-json\/wp\/v2\/posts\/15708\/revisions"}],"predecessor-version":[{"id":15731,"href":"https:\/\/redheadwithabrain.ch\/index.php\/wp-json\/wp\/v2\/posts\/15708\/revisions\/15731"}],"wp:featuredmedia":[{"embeddable":true,"href":"https:\/\/redheadwithabrain.ch\/index.php\/wp-json\/wp\/v2\/media\/15714"}],"wp:attachment":[{"href":"https:\/\/redheadwithabrain.ch\/index.php\/wp-json\/wp\/v2\/media?parent=15708"}],"wp:term":[{"taxonomy":"category","embeddable":true,"href":"https:\/\/redheadwithabrain.ch\/index.php\/wp-json\/wp\/v2\/categories?post=15708"},{"taxonomy":"post_tag","embeddable":true,"href":"https:\/\/redheadwithabrain.ch\/index.php\/wp-json\/wp\/v2\/tags?post=15708"}],"curies":[{"name":"wp","href":"https:\/\/api.w.org\/{rel}","templated":true}]}}