{"id":15907,"date":"2024-06-28T21:13:34","date_gmt":"2024-06-28T19:13:34","guid":{"rendered":"https:\/\/redheadwithabrain.ch\/?p=15907"},"modified":"2024-08-03T16:42:29","modified_gmt":"2024-08-03T14:42:29","slug":"paris-1874-inventer-limpressionnisme-musee-dorsay-paris-2024","status":"publish","type":"post","link":"https:\/\/redheadwithabrain.ch\/index.php\/2024\/06\/28\/paris-1874-inventer-limpressionnisme-musee-dorsay-paris-2024\/","title":{"rendered":"Paris 1874. Inventer l&#8217;impressionnisme &#8211; Mus\u00e9e d&#8217;Orsay &#8211; Paris (2024)"},"content":{"rendered":"\n<p class=\"wp-block-paragraph\">Cela fait 150 ans. Le 15 avril 1874 est n\u00e9 l&#8217;impressionnisme, qui ne s&#8217;appelait m\u00eame pas encore ainsi. Monet, Renoir, Morisot, Pissaro, C\u00e9zanne et d&#8217;autres ne veulent plus subir la dictature du Salon de peinture et de sculpture qui expose des \u0153uvres d&#8217;artistes agr\u00e9\u00e9s par l&#8217;Acad\u00e9mie des beaux-arts. La peinture de Monet et de ces comp\u00e8res est diff\u00e9rente, ils peignent des sc\u00e8nes de la vie moderne, des paysages a\u00e9r\u00e9s, des croquis en plein air. Ils cr\u00e9ent donc leur propre salon. L&#8217;exposition du mus\u00e9e d&#8217;Orsay est celle de cette premi\u00e8re exposition. Un peu surprenante, car l&#8217;impressionnisme n&#8217;est pas encore celui auquel on pense d&#8217;embl\u00e9e, c&#8217;est vraiment les d\u00e9buts. Mais, tr\u00e8s instructive sur la naissance de ce mouvement artistique incroyable. Pour compenser un peu, nous continuons la visite tout en haut du mus\u00e9e d&#8217;Orsay o\u00f9 se trouvent les \u0153uvres impressionnistes, celle qu&#8217;on conna\u00eet. Une tr\u00e8s belle exposition, une tr\u00e8s belle collection.<\/p>\n\n\n\n<p class=\"wp-block-paragraph\"><em>&#8220;L\u2019exposition du mus\u00e9e d\u2019Orsay montre les contradictions et l\u2019infinie richesse de la cr\u00e9ation contemporaine en ce printemps 1874, tout en soulignant la modernit\u00e9 radicale de l\u2019art de ces jeunes artistes.&nbsp;&#8220;Bonne chance&nbsp;!&#8221;, les encourage un critique,&nbsp;&#8220;il ressort toujours quelque chose des innovations.&#8221;<\/em><\/p>\n\n\n\n<p class=\"wp-block-paragraph\"><a href=\"https:\/\/www.morganstanley.com\/\" target=\"_blank\" rel=\"noreferrer noopener\"><\/a><a href=\"https:\/\/www.morganstanley.com\/\" target=\"_blank\" rel=\"noreferrer noopener\"><\/a><\/p>\n\n\n\n<p class=\"wp-block-paragraph\"><a href=\"https:\/\/www.musee-orsay.fr\/fr\/agenda\/expositions\/presentation\/paris-1874-inventer-limpressionnisme\"><\/a><\/p>\n","protected":false},"excerpt":{"rendered":"<p>Cela fait 150 ans. Le 15 avril 1874 est n\u00e9 l&#8217;impressionnisme, qui ne s&#8217;appelait m\u00eame pas encore ainsi. Monet, Renoir, Morisot, Pissaro, C\u00e9zanne et d&#8217;autres ne veulent plus subir la dictature du Salon de peinture et de sculpture qui expose des \u0153uvres d&#8217;artistes agr\u00e9\u00e9s par l&#8217;Acad\u00e9mie des beaux-arts. La peinture de Monet et de ces [&hellip;]<\/p>\n","protected":false},"author":1,"featured_media":16092,"comment_status":"closed","ping_status":"open","sticky":false,"template":"","format":"standard","meta":{"_jetpack_newsletter_access":"","_jetpack_dont_email_post_to_subs":false,"_jetpack_newsletter_tier_id":0,"_jetpack_memberships_contains_paywalled_content":false,"_jetpack_feature_clip_id":0,"_jetpack_memberships_contains_paid_content":false,"footnotes":"","jetpack_post_was_ever_published":false},"categories":[117],"tags":[239,67,112],"class_list":["post-15907","post","type-post","status-publish","format-standard","has-post-thumbnail","hentry","category-exhibitions","tag-colour","tag-creativity","tag-history"],"jetpack_sharing_enabled":true,"jetpack_featured_media_url":"https:\/\/i0.wp.com\/redheadwithabrain.ch\/wp-content\/uploads\/2024\/08\/art-institute-of-chicago-fja2UYOT6jg-unsplash-scaled.jpg?fit=2560%2C2049&ssl=1","_links":{"self":[{"href":"https:\/\/redheadwithabrain.ch\/index.php\/wp-json\/wp\/v2\/posts\/15907","targetHints":{"allow":["GET"]}}],"collection":[{"href":"https:\/\/redheadwithabrain.ch\/index.php\/wp-json\/wp\/v2\/posts"}],"about":[{"href":"https:\/\/redheadwithabrain.ch\/index.php\/wp-json\/wp\/v2\/types\/post"}],"author":[{"embeddable":true,"href":"https:\/\/redheadwithabrain.ch\/index.php\/wp-json\/wp\/v2\/users\/1"}],"replies":[{"embeddable":true,"href":"https:\/\/redheadwithabrain.ch\/index.php\/wp-json\/wp\/v2\/comments?post=15907"}],"version-history":[{"count":2,"href":"https:\/\/redheadwithabrain.ch\/index.php\/wp-json\/wp\/v2\/posts\/15907\/revisions"}],"predecessor-version":[{"id":16094,"href":"https:\/\/redheadwithabrain.ch\/index.php\/wp-json\/wp\/v2\/posts\/15907\/revisions\/16094"}],"wp:featuredmedia":[{"embeddable":true,"href":"https:\/\/redheadwithabrain.ch\/index.php\/wp-json\/wp\/v2\/media\/16092"}],"wp:attachment":[{"href":"https:\/\/redheadwithabrain.ch\/index.php\/wp-json\/wp\/v2\/media?parent=15907"}],"wp:term":[{"taxonomy":"category","embeddable":true,"href":"https:\/\/redheadwithabrain.ch\/index.php\/wp-json\/wp\/v2\/categories?post=15907"},{"taxonomy":"post_tag","embeddable":true,"href":"https:\/\/redheadwithabrain.ch\/index.php\/wp-json\/wp\/v2\/tags?post=15907"}],"curies":[{"name":"wp","href":"https:\/\/api.w.org\/{rel}","templated":true}]}}